{"id":185493,"date":"2025-06-12T21:20:24","date_gmt":"2025-06-12T21:20:24","guid":{"rendered":"https:\/\/www.europesays.com\/de\/185493\/"},"modified":"2025-06-12T21:20:24","modified_gmt":"2025-06-12T21:20:24","slug":"nordrhein-westfalen-jugendamt-gelsenkirchen-mitarbeiterin-soll-300-000-euro-unterschlagen-haben","status":"publish","type":"post","link":"https:\/\/www.europesays.com\/de\/185493\/","title":{"rendered":"Nordrhein-Westfalen: Jugendamt Gelsenkirchen: Mitarbeiterin soll 300.000 Euro unterschlagen haben"},"content":{"rendered":"<p class=\"metatextline\">Stand: 12.06.2025 14:15 Uhr<\/p>\n<p class=\"textabsatz columns twelve  m-ten  m-offset-one l-eight l-offset-two\">\n        <strong>Eine Mitarbeiterin des Jugendamts soll in die eigene Tasche gewirtschaftet haben. Es geht um bis zu 300.000 Euro.<\/strong>\n    <\/p>\n<p class=\"textabsatz m-ten m-offset-one l-eight l-offset-two columns twelve\">\nEs geht um Geld, das eigentlich f\u00fcr bed\u00fcrftige Familien gedacht ist. Die Mitarbeiterin des Jugendamts <a href=\"https:\/\/www1.wdr.de\/uebersicht-gelsenkirchen-100.html\" title=\"Gelsenkirchen\" class=\"textlink--extern\" target=\"_blank\" rel=\"noopener nofollow\">Gelsenkirchen<\/a> soll die finanzielle Hilfe f\u00fcr sich selbst genutzt haben. Das Geld soll die Mitarbeiterin durch Sonderzahlungen unterschlagen haben. Und das mit einer Masche, die nur zuf\u00e4llig aufgefallen ist.<\/p>\n<p>    Vertretung fiel unbekannte Kontonummer auf<\/p>\n<p class=\"textabsatz m-ten m-offset-one l-eight l-offset-two columns twelve\">\n\u00dcberwiegend alleinerziehenden Menschen habe sie beispielsweise neue Waschmaschinen oder andere Haushaltsger\u00e4te ohne deren Wissen bewilligt, so der Vorwurf. Das Geld daf\u00fcr habe sie dann auf das Konto eines Verwandten geschickt. Aufgefallen war das, als die Mitarbeiterin l\u00e4nger krank war. Der Vertretung fiel die immer gleiche, aber unbekannte Kontonummer auf.<\/p>\n<p class=\"textabsatz m-ten m-offset-one l-eight l-offset-two columns twelve\">\nDie Stadt Gelsenkirchen hat bei der Staatsanwaltschaft Essen Anzeige erstattet. Der Fall ist der Verwaltung wohl schon seit Monaten bekannt. Personaverwaltung und das Rechnungspr\u00fcfungsamt seien eingeschaltet und w\u00fcrden jetzt ermitteln, sagte Gelsenkirchens Oberb\u00fcrgermeisterin Karin Welge auf Nachfrage des WDR. Welche Folgen das konkret haben werde, stehe noch aus. Die Mitarbeiterin sei nicht mehr im Dienst, hei\u00dft es aus dem Rathaus.<\/p>\n<p>    Staatsanwaltschaft ermittelt wegen Untreue<\/p>\n<p class=\"textabsatz m-ten m-offset-one l-eight l-offset-two columns twelve\">\nDie Staatsanwaltschaft Essen ermittelt seit April wegen des Anfangsverdachts der Untreue. Unter anderem wird jetzt untersucht, wohin genau das Geld geflossen ist, schreibt ein Sprecher. Wie immer gelte zu Beginn der Ermittlungen die Unschuldsvermutung. Die Beschuldigte h\u00e4tte aktuell noch Zeit, eine Stellungnahme abzugeben. Sie hat sich einen Anwalt genommen. Ihr drohen bis zu f\u00fcnf Jahre Haft.<\/p>\n<p class=\"textabsatz m-ten m-offset-one l-eight l-offset-two columns twelve\">\nGelsenkirchen ist damit regelrecht von Skandalen in der Verwaltung gebeutelt. Mitte Mai wurde bekannt, dass ein f\u00fchrender Mitarbeiter der Stadttochter Gelsendienste Geld veruntreut haben soll &#8211; f\u00fcr Minijobs, die nie erledigt wurden. Da ging es um bis zu 175.000 Euro. Vergangenes Jahr sollen Mitarbeiter der Gelsenkirchener M\u00fcllabfuhr Drogen verkauft und f\u00fcr mehrfache Entsorgungen Schmiergeld kassiert haben.<\/p>\n<p>    Unsere Quellen:<\/p>\n<ul class=\"bulletpoint-list \">\n<li>Staatsanwaltschaft Essen<\/li>\n<li>Stadt Gelsenkirchen<\/li>\n<\/ul>\n<p>                                        <a class=\"backlink__link\" href=\"https:\/\/www1.wdr.de\/nachrichten\/ruhrgebiet\/unterschlagungsverdacht-gelsenkirchener-jugendamt-100.html\" rel=\"nofollow noopener\" target=\"_blank\"><\/p>\n<p>                                                <img decoding=\"async\" src=\"https:\/\/images.tagesschau.de\/image\/9ef70e2e-6dd6-4b18-afd2-7063c40e8939\/AAABlap_yqU\/AAABkZLrr6A\/original\/lra-wdr-logo-100.svg\" alt=\"Westdeutscher Rundfunk\"\/><\/p>\n<p>                                        <\/a><\/p>\n","protected":false},"excerpt":{"rendered":"Stand: 12.06.2025 14:15 Uhr Eine Mitarbeiterin des Jugendamts soll in die eigene Tasche gewirtschaftet haben. Es geht um&hellip;\n","protected":false},"author":2,"featured_media":185494,"comment_status":"","ping_status":"","sticky":false,"template":"","format":"standard","meta":{"footnotes":""},"categories":[1848],"tags":[3364,29,548,663,3934,3658,30,13,14,15,1209,12,225],"class_list":{"0":"post-185493","1":"post","2":"type-post","3":"status-publish","4":"format-standard","5":"has-post-thumbnail","7":"category-gelsenkirchen","8":"tag-de","9":"tag-deutschland","10":"tag-eu","11":"tag-europa","12":"tag-europe","13":"tag-gelsenkirchen","14":"tag-germany","15":"tag-headlines","16":"tag-nachrichten","17":"tag-news","18":"tag-nordrhein-westfalen","19":"tag-schlagzeilen","20":"tag-wdr"},"share_on_mastodon":{"url":"https:\/\/pubeurope.com\/@de\/114672489188327202","error":""},"_links":{"self":[{"href":"https:\/\/www.europesays.com\/de\/wp-json\/wp\/v2\/posts\/185493","targetHints":{"allow":["GET"]}}],"collection":[{"href":"https:\/\/www.europesays.com\/de\/wp-json\/wp\/v2\/posts"}],"about":[{"href":"https:\/\/www.europesays.com\/de\/wp-json\/wp\/v2\/types\/post"}],"author":[{"embeddable":true,"href":"https:\/\/www.europesays.com\/de\/wp-json\/wp\/v2\/users\/2"}],"replies":[{"embeddable":true,"href":"https:\/\/www.europesays.com\/de\/wp-json\/wp\/v2\/comments?post=185493"}],"version-history":[{"count":0,"href":"https:\/\/www.europesays.com\/de\/wp-json\/wp\/v2\/posts\/185493\/revisions"}],"wp:featuredmedia":[{"embeddable":true,"href":"https:\/\/www.europesays.com\/de\/wp-json\/wp\/v2\/media\/185494"}],"wp:attachment":[{"href":"https:\/\/www.europesays.com\/de\/wp-json\/wp\/v2\/media?parent=185493"}],"wp:term":[{"taxonomy":"category","embeddable":true,"href":"https:\/\/www.europesays.com\/de\/wp-json\/wp\/v2\/categories?post=185493"},{"taxonomy":"post_tag","embeddable":true,"href":"https:\/\/www.europesays.com\/de\/wp-json\/wp\/v2\/tags?post=185493"}],"curies":[{"name":"wp","href":"https:\/\/api.w.org\/{rel}","templated":true}]}}