{"id":185621,"date":"2025-06-12T22:30:09","date_gmt":"2025-06-12T22:30:09","guid":{"rendered":"https:\/\/www.europesays.com\/de\/185621\/"},"modified":"2025-06-12T22:30:09","modified_gmt":"2025-06-12T22:30:09","slug":"ob-wir-den-preis-zahlen-koennen-eberl-spricht-ganz-offen-ueber-geplatzten-wirtz-transfer","status":"publish","type":"post","link":"https:\/\/www.europesays.com\/de\/185621\/","title":{"rendered":"&#8222;Ob wir den Preis zahlen k\u00f6nnen&#8220;: Eberl spricht ganz offen \u00fcber geplatzten Wirtz-Transfer"},"content":{"rendered":"<p>                    &#8222;Ob wir den Preis zahlen k\u00f6nnen&#8220;<br \/>\n                Eberl spricht ganz offen \u00fcber geplatzten Wirtz-Transfer<\/p>\n<p>\t\t\t\t              12.06.2025, 22:48 Uhr<\/p>\n<p><strong>Ganz Fu\u00dfball-Europa ist jagt Florian Wirtz, aber der entscheidet sich f\u00fcr den FC Liverpool. Beim FC Bayern haben sie es mit allen Mitteln und wichtigen Menschen versucht, den 22-J\u00e4hrigen von M\u00fcnchen zu \u00fcberzeugen. Vergeblich. Aber auch nicht dramatisch, sagt zumindest Max Eberl. <\/strong><\/p>\n<p>Bayern M\u00fcnchens Sportvorstand Max Eberl hat sich kurz vor dem Start des deutschen Fu\u00dfball-Meisters in die Klub-WM noch einmal mit interessanten Aspekten zur Absage von Wunschspieler Florian Wirtz ge\u00e4u\u00dfert. &#8222;Ich wei\u00df gar nicht, ob wir diesen Preis, den Liverpool jetzt anscheinend zahlen muss, h\u00e4tten bezahlen k\u00f6nnen&#8220;, sagte Eberl im Teamquartier in Orlando.<\/p>\n<p>Der englische Meister FC Liverpool wird vermutlich bis zu 150 Millionen Euro f\u00fcr Wirtz an den Fu\u00dfball-Bundesligisten Bayer Leverkusen bezahlen m\u00fcssen. Der 22-J\u00e4hrige hatte sich nach vielen Gespr\u00e4chen am Ende gegen die Bayern und f\u00fcr Liverpool entschieden.<\/p>\n<p>&#8222;Klar war, das hat der ganze Verein kommuniziert, dass der Spieler herausragend ist. Und dass wir uns sehr gut h\u00e4tten vorstellen k\u00f6nnen, dass er zum FC Bayern wechselt&#8220;, sagte Eberl. &#8222;Jetzt hat er sich anders entschieden, obwohl die Gespr\u00e4che sehr gut waren.&#8220;<\/p>\n<p>F\u00fcr Max Eberl geht &#8222;eine T\u00fcr zu&#8220; und &#8222;eine andere T\u00fcr geht auf&#8220;<\/p>\n<p>Alle aus dem Bayern-Vorstand und auch die Aufsichtsr\u00e4te Uli Hoene\u00df und Karl-Heinz-Rummenigge seien bei den Gespr\u00e4chen mit Wirtz dabei gewesen: &#8222;Alle waren am Tisch. Aber Florian hat sich anders entschieden. Auf dem Transfermarkt ist das so.&#8220; Wirtz werde &#8222;seinen Weg in Liverpool machen&#8220;.<\/p>\n<p>Die M\u00fcnchner w\u00fcrden stattdessen jetzt versuchen, &#8222;einen anderen herausragenden Spieler zu finden, der mit uns erfolgreich ist.&#8220; Und allzu gro\u00df sei die Not ohnehin nicht: &#8222;Wir haben schon au\u00dfergew\u00f6hnliche Spieler. Wenn ich Michael Olise nehme, Jamal Musiala, Harry Kane, Joshua Kimmich und wie sie alle hei\u00dfen&#8220;, sagte Eberl. <\/p>\n<p> &#8222;Ich kenne das: Eine T\u00fcr geht zu, eine andere T\u00fcr geht auf.&#8220; Die M\u00fcnchner sind Medienberichten zufolge am spanischen Europameister Nico Williams von Athletic Bilbao interessiert, diese Ger\u00fcchte wollte Eberl aber nicht kommentieren.<\/p>\n<p>Der Handlungsbedarf in der M\u00fcnchner Offensive hat sich allerdings mit dem abl\u00f6sefreien Wechsel von Nationalspieler Leroy San\u00e9 zu Galatasaray Istanbul erh\u00f6ht. &#8222;Das ist seine Lebensentscheidung, v\u00f6llig legitim. Auch kein Groll&#8220;, sagte Eberl, der sich &#8222;sehr sicher&#8220; ist, dass die M\u00fcnchner &#8222;eine schlagkr\u00e4ftige Truppe haben werden&#8220;.<\/p>\n","protected":false},"excerpt":{"rendered":"&#8222;Ob wir den Preis zahlen k\u00f6nnen&#8220; Eberl spricht ganz offen \u00fcber geplatzten Wirtz-Transfer 12.06.2025, 22:48 Uhr Ganz Fu\u00dfball-Europa&hellip;\n","protected":false},"author":2,"featured_media":185622,"comment_status":"","ping_status":"","sticky":false,"template":"","format":"standard","meta":{"footnotes":""},"categories":[136],"tags":[29,458,12761,347,30,62037,276,1653,265,4443],"class_list":{"0":"post-185621","1":"post","2":"type-post","3":"status-publish","4":"format-standard","5":"has-post-thumbnail","7":"category-sport","8":"tag-deutschland","9":"tag-fc-bayern-muenchen","10":"tag-florian-wirtz","11":"tag-fussball","12":"tag-germany","13":"tag-klub-wm-2025","14":"tag-leroy-sane","15":"tag-max-eberl","16":"tag-sport","17":"tag-transfers-und-geruechte"},"share_on_mastodon":{"url":"https:\/\/pubeurope.com\/@de\/114672764574791805","error":""},"_links":{"self":[{"href":"https:\/\/www.europesays.com\/de\/wp-json\/wp\/v2\/posts\/185621","targetHints":{"allow":["GET"]}}],"collection":[{"href":"https:\/\/www.europesays.com\/de\/wp-json\/wp\/v2\/posts"}],"about":[{"href":"https:\/\/www.europesays.com\/de\/wp-json\/wp\/v2\/types\/post"}],"author":[{"embeddable":true,"href":"https:\/\/www.europesays.com\/de\/wp-json\/wp\/v2\/users\/2"}],"replies":[{"embeddable":true,"href":"https:\/\/www.europesays.com\/de\/wp-json\/wp\/v2\/comments?post=185621"}],"version-history":[{"count":0,"href":"https:\/\/www.europesays.com\/de\/wp-json\/wp\/v2\/posts\/185621\/revisions"}],"wp:featuredmedia":[{"embeddable":true,"href":"https:\/\/www.europesays.com\/de\/wp-json\/wp\/v2\/media\/185622"}],"wp:attachment":[{"href":"https:\/\/www.europesays.com\/de\/wp-json\/wp\/v2\/media?parent=185621"}],"wp:term":[{"taxonomy":"category","embeddable":true,"href":"https:\/\/www.europesays.com\/de\/wp-json\/wp\/v2\/categories?post=185621"},{"taxonomy":"post_tag","embeddable":true,"href":"https:\/\/www.europesays.com\/de\/wp-json\/wp\/v2\/tags?post=185621"}],"curies":[{"name":"wp","href":"https:\/\/api.w.org\/{rel}","templated":true}]}}