{"id":185942,"date":"2025-06-13T01:27:29","date_gmt":"2025-06-13T01:27:29","guid":{"rendered":"https:\/\/www.europesays.com\/de\/185942\/"},"modified":"2025-06-13T01:27:29","modified_gmt":"2025-06-13T01:27:29","slug":"flughafen-augsburg-pilot-verliert-kontrolle-flugzeug-kommt-bei-landung-von-der-piste-ab","status":"publish","type":"post","link":"https:\/\/www.europesays.com\/de\/185942\/","title":{"rendered":"Flughafen Augsburg: Pilot verliert Kontrolle \u2013 Flugzeug kommt bei Landung von der Piste ab"},"content":{"rendered":"<p>\t\t\t\t\t\t\t\t\t\t\t\t\t\t\t\t\t\t\t\t\t\t\t\t\t\t\t\t      \t\t            \t\t             \t\t\t\t   \t\t\t\t\t   <img decoding=\"async\" id=\"article-image\" fetchpriority=\"high\" alt=\"Flughafen Augsburg: Pilot verliert  Kontrolle \u2013 Flugzeug kommt bei Landung von der Piste ab\" title=\"Flughafen Augsburg: Pilot verliert  Kontrolle \u2013 Flugzeug kommt bei Landung von der Piste ab\" src=\"https:\/\/www.europesays.com\/de\/wp-content\/uploads\/2025\/06\/media.media.cdf75782-354a-4e6d-85ea-016357087475.16x9_700.jpg\" data-linkto=\"https:\/\/www.stuttgarter-nachrichten.de\/javascript:void(0);\"\/>\t\t\t\t\t\t\t\t\t\t\t\t\t\t\t\t\t\t\t\t\t\t\t\tDer Pilot verlor die Kontrolle \u00fcber das Propellerflugzeug. (Symbolbild)\u00a0Foto: imago images\/ \/Michael Bihlmayer\t\t\t<\/p>\n<p>Bei einem \u00dcbungsflug am Flughafen Augsburg verliert der Pilot die Kontrolle \u00fcber sein Flugzeug. Der Schaden ist erheblich.<\/p>\n<p>Bei einem <a href=\"https:\/\/www.stuttgarter-nachrichten.de\/thema\/Unfall\" title=\"Unfall\" class=\"art_thema\" target=\"_blank\" rel=\"noopener\">Unfall<\/a> mit einem Propellerflugzeug auf dem Gel\u00e4nde des Augsburger Flughafens ist hoher Schaden entstanden. Nach Angaben der Polizei war ein 41-J\u00e4hriger am Mittwoch gegen 19.00 Uhr mit \u00dcbungsfl\u00fcgen besch\u00e4ftigt, als er bei der Landung von der Piste abkam. Der Mann und sein Begleiter blieben unverletzt.<\/p>\n<p>Das <a href=\"https:\/\/www.stuttgarter-nachrichten.de\/thema\/Flugzeug\" title=\"Flugzeug\" class=\"art_thema\" target=\"_blank\" rel=\"noopener\">Flugzeug<\/a> wurde bei dem Vorfall erheblich besch\u00e4digt. Der entstandene Sachschaden wird auf rund 130.000 Euro gesch\u00e4tzt. Die Polizei hat Ermittlungen aufgenommen und pr\u00fcft nun die genaue Unfallursache. <\/p>\n","protected":false},"excerpt":{"rendered":"Der Pilot verlor die Kontrolle \u00fcber das Propellerflugzeug. (Symbolbild)\u00a0Foto: imago images\/ \/Michael Bihlmayer Bei einem \u00dcbungsflug am Flughafen&hellip;\n","protected":false},"author":2,"featured_media":185943,"comment_status":"","ping_status":"","sticky":false,"template":"","format":"standard","meta":{"footnotes":""},"categories":[1846],"tags":[680,772,3364,29,548,663,3934,62147,10074,30,13,14,15,1974,12,1284],"class_list":{"0":"post-185942","1":"post","2":"type-post","3":"status-publish","4":"format-standard","5":"has-post-thumbnail","7":"category-augsburg","8":"tag-augsburg","9":"tag-bayern","10":"tag-de","11":"tag-deutschland","12":"tag-eu","13":"tag-europa","14":"tag-europe","15":"tag-flughafen-augsburg","16":"tag-flugzeug","17":"tag-germany","18":"tag-headlines","19":"tag-nachrichten","20":"tag-news","21":"tag-panorama","22":"tag-schlagzeilen","23":"tag-unfall"},"share_on_mastodon":{"url":"https:\/\/pubeurope.com\/@de\/114673460598957316","error":""},"_links":{"self":[{"href":"https:\/\/www.europesays.com\/de\/wp-json\/wp\/v2\/posts\/185942","targetHints":{"allow":["GET"]}}],"collection":[{"href":"https:\/\/www.europesays.com\/de\/wp-json\/wp\/v2\/posts"}],"about":[{"href":"https:\/\/www.europesays.com\/de\/wp-json\/wp\/v2\/types\/post"}],"author":[{"embeddable":true,"href":"https:\/\/www.europesays.com\/de\/wp-json\/wp\/v2\/users\/2"}],"replies":[{"embeddable":true,"href":"https:\/\/www.europesays.com\/de\/wp-json\/wp\/v2\/comments?post=185942"}],"version-history":[{"count":0,"href":"https:\/\/www.europesays.com\/de\/wp-json\/wp\/v2\/posts\/185942\/revisions"}],"wp:featuredmedia":[{"embeddable":true,"href":"https:\/\/www.europesays.com\/de\/wp-json\/wp\/v2\/media\/185943"}],"wp:attachment":[{"href":"https:\/\/www.europesays.com\/de\/wp-json\/wp\/v2\/media?parent=185942"}],"wp:term":[{"taxonomy":"category","embeddable":true,"href":"https:\/\/www.europesays.com\/de\/wp-json\/wp\/v2\/categories?post=185942"},{"taxonomy":"post_tag","embeddable":true,"href":"https:\/\/www.europesays.com\/de\/wp-json\/wp\/v2\/tags?post=185942"}],"curies":[{"name":"wp","href":"https:\/\/api.w.org\/{rel}","templated":true}]}}