{"id":186042,"date":"2025-06-13T02:23:14","date_gmt":"2025-06-13T02:23:14","guid":{"rendered":"https:\/\/www.europesays.com\/de\/186042\/"},"modified":"2025-06-13T02:23:14","modified_gmt":"2025-06-13T02:23:14","slug":"die-13-berlin-biennale-eroeffnet","status":"publish","type":"post","link":"https:\/\/www.europesays.com\/de\/186042\/","title":{"rendered":"Die 13. \u201eBerlin Biennale\u201c er\u00f6ffnet"},"content":{"rendered":"<p class=\"lead\"><strong>Morgen er\u00f6ffnet die 13. \u201eBerlin Biennale\u201c \u2013 und bringt \u00fcber 170 Arbeiten von mehr als 60 K\u00fcnstler*innen an vier Orte in Berlin. Der Gro\u00dfteil der Werke wurde extra f\u00fcr diese Ausgabe produziert \u2013 also echte Premieren!<\/strong><\/p>\n<blockquote>\n<p>\u201eEs gab in der Geschichte der Berlin Biennale wohl kaum einen geeigneteren Zeitpunkt, um internationale Perspektiven auf unsere Zeit auszustellen. Die Ausstellung befasst sich mit der Art und Weise, wie das Denken und die Vorstellungskraft selbst unter Bedingungen der Verfolgung, der Militarisierung und des \u00d6kozids fortbestehen.\u201c\u00a0<a href=\"https:\/\/www.facebook.com\/BerlinBiennale\/\" target=\"_blank\" aria-label=\"Link &#xF6;ffnet in neuem Fenster (None)\" rel=\"nofollow noopener\"><strong>Berlin Biennale fu\u0308r zeitgen\u00f6ssische Kunst<\/strong><\/a><\/p>\n<p>&#13;\n<\/p><\/blockquote>\n<p>Die 13. \u201eBerlin Biennale\u201c ist so international, politisch und nah dran wie nie. Und sie fragt: Wie kann Kunst heute bestehen \u2013 und was kann sie bewegen? Kuratiert wird die <a href=\"https:\/\/maenner.media\/topics\/biennale\/\" rel=\"nofollow noopener\" target=\"_blank\"><strong>Biennale<\/strong><\/a> von der indischen Kuratorin Zasha Colah, unterst\u00fctzt von Valentina Viviani. Colah arbeitet mit K\u00fcnstler*innen aus ganz unterschiedlichen Regionen der Welt: Myanmar, Nordostindien, Argentinien, dem Sudan, Kasachstan, Deutschland und vielen mehr. Viele dieser Menschen schaffen Kunst unter extremen Bedingungen \u2013 in Haft, unter Zensur, unter Druck von Regierungen oder Milit\u00e4r. Trotzdem (oder gerade deswegen) geht es in dieser Biennale ** um etwas Kraftvolles: Was bleibt vom Denken und der Fantasie, wenn alles andere bedroht ist? Wie zeigt sich Widerstand in Form von Kunst? Und wie viel Freiheit liegt in der Vorstellungskraft?<\/p>\n<p>Der Titel <strong>\u201edas fl\u00fcchtige weitergeben\u201c<\/strong> beschreibt nicht nur das Konzept, sondern auch die \u00c4sthetik: Es geht um verg\u00e4ngliche Formen, k\u00f6rperliche Pr\u00e4senz, das Gesprochene, das Geteilte. Viele Werke sind direkt erlebbar \u2013 in Theaterst\u00fccken, Lesekreisen, Spoken Word, Gedenkwalks, Tribunalen und sogar Stand-up-Comedy. Hier sind alle Daten und Orte versammelt:\u00a0<a href=\"https:\/\/13.berlinbiennale.de\/de\/programm\/kalender\" target=\"_blank\" aria-label=\"Link &#xF6;ffnet in neuem Fenster (None)\" rel=\"nofollow noopener\"><strong>13.berlinbiennale.de\/de\/programm\/kalender<\/strong><\/a><\/p>\n<p>**\u00a0Was hei\u00dft eigentlich <strong>Biennale<\/strong>?\u00a0Der Begriff kommt vom lateinischen Biennium \u2013 und bedeutet ganz einfach: alle zwei Jahre. Eine Biennale ist also eine Ausstellung, ein Festival oder eine Kunstschau, die alle zwei Jahre stattfindet. Zum Vergleich: <strong>Triennale<\/strong> bedeutet alle drei Jahre, <strong>Quadriennale<\/strong> alle vier Jahre.<\/p>\n<p>Wir sind auch auf Instagram:\u00a0<\/p>\n","protected":false},"excerpt":{"rendered":"Morgen er\u00f6ffnet die 13. \u201eBerlin Biennale\u201c \u2013 und bringt \u00fcber 170 Arbeiten von mehr als 60 K\u00fcnstler*innen an&hellip;\n","protected":false},"author":2,"featured_media":186043,"comment_status":"","ping_status":"","sticky":false,"template":"","format":"standard","meta":{"footnotes":""},"categories":[1825],"tags":[9006,62169,62170,296,62179,28031,62168,96,62177,62175,29,62187,62181,2448,62186,62185,30,62182,62176,62184,197,62173,2075,62171,2705,62188,62180,28285,21469,62183,62174,2715,62172,94,62178],"class_list":{"0":"post-186042","1":"post","2":"type-post","3":"status-publish","4":"format-standard","5":"has-post-thumbnail","7":"category-berlin","8":"tag-alexanderplatz","9":"tag-ausstellung-vernissage","10":"tag-avantgarde-underground","11":"tag-berlin","12":"tag-berlinische-galerie","13":"tag-biennale","14":"tag-blu-kultur","15":"tag-buehne","16":"tag-c-o-berlin","17":"tag-crone","18":"tag-deutschland","19":"tag-dirk-sammlung-dirk-lehr-i-dirk-lehr-collection","20":"tag-dittrich-schlechtriem","21":"tag-galerie","22":"tag-galerie-gustav-von-hirschheydt","23":"tag-galerie-koenig-st-agnes","24":"tag-germany","25":"tag-gropius-bau-walter-gropius","26":"tag-haus-schwarzenberg-galerie-neurotitan-eschschloraque-ruemschruemp","27":"tag-humboldt-forum-berliner-schloss","28":"tag-installation","29":"tag-komik-comedy-spass-satire","30":"tag-kunst","31":"tag-kw-institute-for-contemporary-art","32":"tag-malerei","33":"tag-michael-raedel","34":"tag-nueued-berlin","35":"tag-performance","36":"tag-queer","37":"tag-schloss-biesdorf-berlin","38":"tag-semjon-contemporary","39":"tag-sommer","40":"tag-sophiensaele","41":"tag-theater","42":"tag-universitaet-der-kuenste"},"share_on_mastodon":{"url":"","error":"Validation failed: Text character limit of 500 exceeded"},"_links":{"self":[{"href":"https:\/\/www.europesays.com\/de\/wp-json\/wp\/v2\/posts\/186042","targetHints":{"allow":["GET"]}}],"collection":[{"href":"https:\/\/www.europesays.com\/de\/wp-json\/wp\/v2\/posts"}],"about":[{"href":"https:\/\/www.europesays.com\/de\/wp-json\/wp\/v2\/types\/post"}],"author":[{"embeddable":true,"href":"https:\/\/www.europesays.com\/de\/wp-json\/wp\/v2\/users\/2"}],"replies":[{"embeddable":true,"href":"https:\/\/www.europesays.com\/de\/wp-json\/wp\/v2\/comments?post=186042"}],"version-history":[{"count":0,"href":"https:\/\/www.europesays.com\/de\/wp-json\/wp\/v2\/posts\/186042\/revisions"}],"wp:featuredmedia":[{"embeddable":true,"href":"https:\/\/www.europesays.com\/de\/wp-json\/wp\/v2\/media\/186043"}],"wp:attachment":[{"href":"https:\/\/www.europesays.com\/de\/wp-json\/wp\/v2\/media?parent=186042"}],"wp:term":[{"taxonomy":"category","embeddable":true,"href":"https:\/\/www.europesays.com\/de\/wp-json\/wp\/v2\/categories?post=186042"},{"taxonomy":"post_tag","embeddable":true,"href":"https:\/\/www.europesays.com\/de\/wp-json\/wp\/v2\/tags?post=186042"}],"curies":[{"name":"wp","href":"https:\/\/api.w.org\/{rel}","templated":true}]}}