{"id":186215,"date":"2025-06-13T03:57:21","date_gmt":"2025-06-13T03:57:21","guid":{"rendered":"https:\/\/www.europesays.com\/de\/186215\/"},"modified":"2025-06-13T03:57:21","modified_gmt":"2025-06-13T03:57:21","slug":"migration-berliner-bischof-trifft-sich-mit-zurueckgewiesenen-somaliern","status":"publish","type":"post","link":"https:\/\/www.europesays.com\/de\/186215\/","title":{"rendered":"Migration: Berliner Bischof trifft sich mit zur\u00fcckgewiesenen Somaliern"},"content":{"rendered":"<p class=\"is-first-paragraph\" data-external=\"Article.FirstParagraph\">Der evangelische Berliner Bischof Christian St\u00e4blein hat sich mit den drei somalischen Migranten getroffen, die Anfang Mai an der deutsch-polnischen Grenze zur\u00fcckgewiesen worden waren \u2013\u00a0und die gegen diese Entscheidung juristisch vorgegangen sind. Deren Schicksal bewege ihn, erkl\u00e4rte der Fl\u00fcchtlingsbeauftragte der Evangelischen Kirche in Deutschland (EKD) am Donnerstag. St\u00e4blein sprach von drei \u201esehr jungen Menschen, die schwer an dem tragen, was sie in ihrer Heimat und auf der Flucht erfahren haben\u201c.<\/p>\n<p>Bei den Betroffenen handelt es sich um eine Frau und zwei M\u00e4nner, die am Bahnhof Frankfurt (Oder) von der Bundespolizei zur\u00fcckgewiesen wurden, nachdem sie ein Asylgesuch gestellt hatten. Das Berliner Verwaltungsgericht hatte Anfang Juni entschieden, dass die Zur\u00fcckweisung an den Grenzen rechtswidrig war, wenn nicht gem\u00e4\u00df dem europ\u00e4ischen Dublin-Abkommen gepr\u00fcft wird, welcher EU-Mitgliedstaat f\u00fcr das Asylverfahren zust\u00e4ndig ist. Die Bundesregierung will an den Zur\u00fcckweisungen festhalten.<\/p>\n<p>Der Bischof sagte zu seinem Treffen mit den drei Somaliern: \u201eWenn ich ihre Lebensgeschichten h\u00f6re und ihre Verletzlichkeit sp\u00fcre, dann trifft es mich, dass Menschen, die Schutz suchen, an unseren Grenzen abgewiesen werden.\u201c Das Urteil des Berliner Verwaltungsgerichts habe best\u00e4tigt, dass es rechtswidrig war, sie trotz des Asylantrages zur\u00fcckzuweisen. St\u00e4blein f\u00fcgte hinzu: \u201eIch sehe die Bundesregierung in der Verantwortung, auf dieses Urteil mit Selbstpr\u00fcfung zu reagieren.\u201c Es gehe um die Glaubw\u00fcrdigkeit des Rechtsstaats.<\/p>\n<p><a class=\"is-link c-block-items__link c-link--rich-text-renderer\" href=\"https:\/\/www.welt.de\/politik\/deutschland\/plus256221378\/fall-von-zurueckweisung-und-dann-sind-die-drei-somalischen-asylbewerber-im-hotel-nicht-mehr-auffindbar.html\" data-internal-tracking-enabled=\"true\" data-internal-tracking=\"{&quot;action&quot;:&quot;click&quot;,&quot;label&quot;:&quot;link&quot;,&quot;name&quot;:&quot;Inline Element&quot;,&quot;data&quot;:{&quot;source&quot;:&quot;&quot;,&quot;target&quot;:&quot;https:\/\/www.welt.de\/politik\/deutschland\/plus256221378\/fall-von-zurueckweisung-und-dann-sind-die-drei-somalischen-asylbewerber-im-hotel-nicht-mehr-auffindbar.html&quot;,&quot;trackingName&quot;:&quot;&quot;,&quot;trackingLabel&quot;:&quot;&quot;}}\" rel=\"nofollow noopener\" target=\"_blank\">Die drei Somalier waren nach der Entscheidung des Verwaltungsgerichts zur\u00fcck nach Berlin gereist<\/a> \u2013\u00a0obwohl das Gericht feststellte, dass die drei Migranten keinen Anspruch auf Einreise im rechtlichen Sinne h\u00e4tten. Das Pr\u00fcfverfahren, wer f\u00fcr ein Asylgesuch zust\u00e4ndig sei, k\u00f6nne \u201evielmehr auch an der Grenze durchgef\u00fchrt werden\u201c. Nur wenn sich die deutschen Beh\u00f6rden \u201ean einer Durchf\u00fchrung des Dublin-Verfahrens an der Grenze\u201c gehindert sehen sollten, entst\u00fcnde im Ergebnis ein Anspruch auf Einreisegestattung, hei\u00dft es im Beschluss \u2013 um das Verfahren nach Weiterleitung an die Aufnahmeeinrichtung durchzuf\u00fchren.<\/p>\n<p>Wie genau die drei Personen nach Berlin gelangten, ist bislang unklar. Offen bleibt, ob Helfer oder Schleuser hinter ihrer Weiterreise stecken. Die Deutsche Polizeigewerkschaft hatte im Zuge des Falls Strafanzeige gegen Unbekannt gestellt.<\/p>\n","protected":false},"excerpt":{"rendered":"Der evangelische Berliner Bischof Christian St\u00e4blein hat sich mit den drei somalischen Migranten getroffen, die Anfang Mai an&hellip;\n","protected":false},"author":2,"featured_media":186216,"comment_status":"","ping_status":"","sticky":false,"template":"","format":"standard","meta":{"footnotes":""},"categories":[2],"tags":[533,29,30,58972,13,47967,14,15,110,12,10,8,9,11],"class_list":{"0":"post-186215","1":"post","2":"type-post","3":"status-publish","4":"format-standard","5":"has-post-thumbnail","7":"category-deutschland","8":"tag-asyl","9":"tag-deutschland","10":"tag-germany","11":"tag-grenzschutz-ks","12":"tag-headlines","13":"tag-migrationspolitik-ks","14":"tag-nachrichten","15":"tag-news","16":"tag-newsteam","17":"tag-schlagzeilen","18":"tag-top-news","19":"tag-top-meldungen","20":"tag-topmeldungen","21":"tag-topnews"},"share_on_mastodon":{"url":"https:\/\/pubeurope.com\/@de\/114674050462309284","error":""},"_links":{"self":[{"href":"https:\/\/www.europesays.com\/de\/wp-json\/wp\/v2\/posts\/186215","targetHints":{"allow":["GET"]}}],"collection":[{"href":"https:\/\/www.europesays.com\/de\/wp-json\/wp\/v2\/posts"}],"about":[{"href":"https:\/\/www.europesays.com\/de\/wp-json\/wp\/v2\/types\/post"}],"author":[{"embeddable":true,"href":"https:\/\/www.europesays.com\/de\/wp-json\/wp\/v2\/users\/2"}],"replies":[{"embeddable":true,"href":"https:\/\/www.europesays.com\/de\/wp-json\/wp\/v2\/comments?post=186215"}],"version-history":[{"count":0,"href":"https:\/\/www.europesays.com\/de\/wp-json\/wp\/v2\/posts\/186215\/revisions"}],"wp:featuredmedia":[{"embeddable":true,"href":"https:\/\/www.europesays.com\/de\/wp-json\/wp\/v2\/media\/186216"}],"wp:attachment":[{"href":"https:\/\/www.europesays.com\/de\/wp-json\/wp\/v2\/media?parent=186215"}],"wp:term":[{"taxonomy":"category","embeddable":true,"href":"https:\/\/www.europesays.com\/de\/wp-json\/wp\/v2\/categories?post=186215"},{"taxonomy":"post_tag","embeddable":true,"href":"https:\/\/www.europesays.com\/de\/wp-json\/wp\/v2\/tags?post=186215"}],"curies":[{"name":"wp","href":"https:\/\/api.w.org\/{rel}","templated":true}]}}