{"id":186354,"date":"2025-06-13T05:16:41","date_gmt":"2025-06-13T05:16:41","guid":{"rendered":"https:\/\/www.europesays.com\/de\/186354\/"},"modified":"2025-06-13T05:16:41","modified_gmt":"2025-06-13T05:16:41","slug":"aktuelle-bilder-vom-amoklauf-an-grazer-schule-3","status":"publish","type":"post","link":"https:\/\/www.europesays.com\/de\/186354\/","title":{"rendered":"Aktuelle Bilder vom Amoklauf an Grazer Schule"},"content":{"rendered":"<ol class=\"id-DonaldBreadcrumb lp_west_breadcrumb id-DonaldBreadcrumb--default\" data-k5a-pos=\"west_breadcrumb\">\n<li class=\"id-Breadcrumb-item\"><a href=\"https:\/\/www.fr.de\/\" class=\"id-Breadcrumb-link\" data-id-ec=\"{\" shn=\"\" textlink=\"\" data-k5a-pos=\"1_startseite\" rel=\"nofollow noopener\" target=\"_blank\">Startseite<\/a><\/li>\n<li class=\"id-Breadcrumb-item\"><a href=\"https:\/\/www.fr.de\/panorama\/\" class=\"id-Breadcrumb-link\" data-id-ec=\"{\" shn=\"\" textlink=\"\" data-k5a-pos=\"2_panorama\" rel=\"nofollow noopener\" target=\"_blank\">Panorama<\/a><\/li>\n<\/ol>\n<p class=\"id-Story-timestamp id-Story-timestamp--default\">Stand: 13.06.2025, 04:42 Uhr<\/p>\n<p class=\"id-Story-authors id-Story-authors--default\">Von: <a class=\"id-Story-authors-link lp_west_author\" href=\"https:\/\/www.fr.de\/autor\/christoph-gschossmann-8q0zergha.html\" title=\"Zur Autorenseite von Christoph Gscho&#xDF;mann\" data-id-ec=\"{\" shn=\"\" author-link=\"\" gscho=\"\" data-k5a-pos=\"west_author\" rel=\"nofollow noopener\" target=\"_blank\">Christoph Gscho\u00dfmann<\/a><\/p>\n<p class=\"id-Story-interactionBar id-Story-interactionBar--default\">DruckenTeilen<\/p>\n<p class=\"id-StoryElement-leadText\">In \u00d6sterreich sind an einer Schule Sch\u00fcsse gefallen und Menschen gestorben. Die Fotos der furchtbaren Tat in der Stadt Graz.<\/p>\n<p><img decoding=\"async\" class=\"id-RatioPlaceholder-element wv_story_el_galleryImage\" src=\"https:\/\/www.europesays.com\/de\/wp-content\/uploads\/2025\/06\/38539205-die-oesterreich-karte-zeigt-graz-dort-erschoss-mutmasslich-ein-amoklaeufer-schueler-und-leh.jpeg\" loading=\"lazy\"   height=\"1008\" width=\"1100\" alt=\"Die &#xD6;sterreich-Karte zeigt Graz. Dort erschoss mutma&#xDF;lich ein Amokl&#xE4;ufer Sch&#xFC;ler und Lehrer an einer Schule.\"\/>1 \/ 28Die \u00d6sterreich-Karte zeigt Graz. Dort erschoss mutma\u00dflich ein Amokl\u00e4ufer Sch\u00fcler und Lehrer an einer Schule. \u00a9\u00a0dpa: A. Br\u00fchl; Grafik: F. B\u00f6kelmann<img decoding=\"async\" class=\"id-RatioPlaceholder-element wv_story_el_galleryImage\" src=\"https:\/\/www.europesays.com\/de\/wp-content\/uploads\/2025\/06\/38548987-weihbischof-johannes-freitag-leitet-den-gedenkgottesdienst-im-grazer-dom-um-den-opfern-des-.jpeg\" loading=\"lazy\"   height=\"733\" width=\"1100\" alt=\"Weihbischof Johannes Freitag leitet den Gedenkgottesdienst im Grazer Dom, um den Opfern des Amoklaufs zu gedenken.\"\/>2 \/ 28Weihbischof Johannes Freitag leitet den Gedenkgottesdienst im Grazer Dom, um den Opfern des Amoklaufs zu gedenken. \u00a9\u00a0Georg Hochmuth\/dpa<img decoding=\"async\" class=\"id-RatioPlaceholder-element wv_story_el_galleryImage\" src=\"https:\/\/www.europesays.com\/de\/wp-content\/uploads\/2025\/06\/38548988-bundeskanzler-christian-stocker-mitte-oevp-vizekanzler-andreas-babler-mitte-spoe-kommen-zu-.jpeg\" loading=\"lazy\"   height=\"733\" width=\"1100\" alt=\"Bundeskanzler Christian Stocker (Mitte l, &#xD6;VP), Vizekanzler Andreas Babler (Mitte r, SP&#xD6;) kommen zu einem Gedenkgottesdienst im Grazer Dom. \"\/>3 \/ 28Bundeskanzler Christian Stocker (Mitte l, \u00d6VP), Vizekanzler Andreas Babler (Mitte r, SP\u00d6) kommen zu einem Gedenkgottesdienst im Grazer Dom.  \u00a9\u00a0Heinz-Peter Bader\/dpa<img decoding=\"async\" class=\"id-RatioPlaceholder-element wv_story_el_galleryImage\" src=\"https:\/\/www.europesays.com\/de\/wp-content\/uploads\/2025\/06\/38539488-an-einer-schule-in-oesterreich-sind-nach-angaben-der-polizei-mehrere-schuesse-gefallen-OQBG.jpeg\" loading=\"lazy\"   height=\"745\" width=\"1100\" alt=\"An einer Schule in &#xD6;sterreich sind nach Angaben der Polizei mehrere Sch&#xFC;sse gefallen.\"\/>4 \/ 28An einer Schule in \u00d6sterreich sind nach Angaben der Polizei mehrere Sch\u00fcsse gefallen. \u00a9\u00a0Erwin Scheriau \/ dpa<img decoding=\"async\" class=\"id-RatioPlaceholder-element wv_story_el_galleryImage\" src=\"https:\/\/www.europesays.com\/de\/wp-content\/uploads\/2025\/06\/38548986-nach-den-toedlichen-schuessen-an-einer-schule-in-graz-zuenden-trauernde-kerzen-fuer-ein-lic.jpeg\" loading=\"lazy\"   height=\"730\" width=\"1100\" alt=\"Nach den t&#xF6;dlichen Sch&#xFC;ssen an einer Schule in Graz z&#xFC;nden Trauernde Kerzen f&#xFC;r ein Lichtermeer an.\"\/>5 \/ 28Nach den t\u00f6dlichen Sch\u00fcssen an einer Schule in Graz z\u00fcnden Trauernde Kerzen f\u00fcr ein Lichtermeer an. \u00a9\u00a0Erwin Scheriau\/dpa<img decoding=\"async\" class=\"id-RatioPlaceholder-element wv_story_el_galleryImage\" src=\"https:\/\/www.europesays.com\/de\/wp-content\/uploads\/2025\/06\/38538844-an-einer-schule-in-oesterreich-sind-nach-angaben-der-polizei-mehrere-schuesse-gefallen-QaBG.jpeg\" loading=\"lazy\"   height=\"766\" width=\"1100\" alt=\"An einer Schule in &#xD6;sterreich sind nach Angaben der Polizei mehrere Sch&#xFC;sse gefallen.\"\/>6 \/ 28An einer Schule in \u00d6sterreich sind nach Angaben der Polizei mehrere Sch\u00fcsse gefallen. \u00a9\u00a0Erwin Scheriau \/ dpa<img decoding=\"async\" class=\"id-RatioPlaceholder-element wv_story_el_galleryImage\" src=\"https:\/\/www.europesays.com\/de\/wp-content\/uploads\/2025\/06\/38538304-an-einer-schule-in-oesterreich-sind-nach-angaben-der-polizei-mehrere-schuesse-gefallen-PtBG.jpeg\" loading=\"lazy\"   height=\"733\" width=\"1100\" alt=\"An einer Schule in &#xD6;sterreich sind nach Angaben der Polizei mehrere Sch&#xFC;sse gefallen.\"\/>7 \/ 28An einer Schule in \u00d6sterreich sind nach Angaben der Polizei mehrere Sch\u00fcsse gefallen. \u00a9\u00a0Erwin Scheriau \/ dpa<img decoding=\"async\" class=\"id-RatioPlaceholder-element wv_story_el_galleryImage\" src=\"https:\/\/www.europesays.com\/de\/wp-content\/uploads\/2025\/06\/38538299-an-einer-schule-in-oesterreich-sind-nach-angaben-der-polizei-mehrere-schuesse-gefallen-P9BG.jpeg\" loading=\"lazy\"   height=\"733\" width=\"1100\" alt=\"An einer Schule in &#xD6;sterreich sind nach Angaben der Polizei mehrere Sch&#xFC;sse gefallen.\"\/>8 \/ 28An einer Schule in \u00d6sterreich sind nach Angaben der Polizei mehrere Sch\u00fcsse gefallen. \u00a9\u00a0Erwin Scheriau \/ dpa<img decoding=\"async\" class=\"id-RatioPlaceholder-element wv_story_el_galleryImage\" src=\"https:\/\/www.europesays.com\/de\/wp-content\/uploads\/2025\/06\/38538075-an-einer-schule-in-oesterreich-sind-nach-angaben-der-polizei-mehrere-schuesse-gefallen-PvBG.jpeg\" loading=\"lazy\"   height=\"753\" width=\"1100\" alt=\"An einer Schule in &#xD6;sterreich sind nach Angaben der Polizei mehrere Sch&#xFC;sse gefallen.\"\/>9 \/ 28An einer Schule in \u00d6sterreich sind nach Angaben der Polizei mehrere Sch\u00fcsse gefallen. \u00a9\u00a0Erwin Scheriau \/ dpa<img decoding=\"async\" class=\"id-RatioPlaceholder-element wv_story_el_galleryImage\" src=\"https:\/\/www.europesays.com\/de\/wp-content\/uploads\/2025\/06\/38538087-an-einer-schule-in-oesterreich-sind-nach-angaben-der-polizei-mehrere-schuesse-gefallen-OvBG.jpeg\" loading=\"lazy\"   height=\"747\" width=\"1100\" alt=\"An einer Schule in &#xD6;sterreich sind nach Angaben der Polizei mehrere Sch&#xFC;sse gefallen.\"\/>10 \/ 28An einer Schule in \u00d6sterreich sind nach Angaben der Polizei mehrere Sch\u00fcsse gefallen. \u00a9\u00a0Erwin Scheriau \/ dpa<img decoding=\"async\" class=\"id-RatioPlaceholder-element wv_story_el_galleryImage\" src=\"https:\/\/www.europesays.com\/de\/wp-content\/uploads\/2025\/06\/38538091-an-einer-schule-in-oesterreich-sind-nach-angaben-der-polizei-mehrere-schuesse-gefallen-R0BG.jpeg\" loading=\"lazy\"   height=\"773\" width=\"1100\" alt=\"An einer Schule in &#xD6;sterreich sind nach Angaben der Polizei mehrere Sch&#xFC;sse gefallen.\"\/>11 \/ 28An einer Schule in \u00d6sterreich sind nach Angaben der Polizei mehrere Sch\u00fcsse gefallen. \u00a9\u00a0Erwin Scheriau \/ dpa<img decoding=\"async\" class=\"id-RatioPlaceholder-element wv_story_el_galleryImage\" src=\"https:\/\/www.europesays.com\/de\/wp-content\/uploads\/2025\/06\/38538097-an-einer-schule-in-oesterreich-sind-nach-angaben-der-polizei-mehrere-schuesse-gefallen-QeBG.jpeg\" loading=\"lazy\"   height=\"699\" width=\"1100\" alt=\"An einer Schule in &#xD6;sterreich sind nach Angaben der Polizei mehrere Sch&#xFC;sse gefallen.\"\/>12 \/ 28An einer Schule in \u00d6sterreich sind nach Angaben der Polizei mehrere Sch\u00fcsse gefallen. \u00a9\u00a0Erwin Scheriau \/ dpa<img decoding=\"async\" class=\"id-RatioPlaceholder-element wv_story_el_galleryImage\" src=\"https:\/\/www.europesays.com\/de\/wp-content\/uploads\/2025\/06\/38537661-an-einer-schule-in-oesterreich-sind-am-vormittag-nach-angaben-der-polizei-mehrere-schuesse-.jpeg\" loading=\"lazy\"   height=\"736\" width=\"1100\" alt=\"An einer Schule in &#xD6;sterreich sind am Vormittag nach Angaben der Polizei mehrere Sch&#xFC;sse gefallen.\"\/>13 \/ 28An einer Schule in \u00d6sterreich sind nach Angaben der Polizei mehrere Sch\u00fcsse gefallen. \u00a9\u00a0Erwin Scheriau\/dpa<img decoding=\"async\" class=\"id-RatioPlaceholder-element wv_story_el_galleryImage\" src=\"https:\/\/www.europesays.com\/de\/wp-content\/uploads\/2025\/06\/38544142-amoklauf-in-oesterreich-ein-screenshot-aus-einem-video-das-mutmasslich-eine-schuelerin-bei-.jpeg\" loading=\"lazy\"   height=\"619\" width=\"1100\" alt=\"Amoklauf in &#xD6;sterreich: Ein Screenshot aus einem Video, das mutma&#xDF;lich eine Sch&#xFC;lerin bei der Evakuierung der Schule in Graz aufnahm. \"\/>14 \/ 28Amoklauf in \u00d6sterreich: Ein Screenshot aus einem Video, das mutma\u00dflich eine Sch\u00fclerin bei der Evakuierung der Schule in Graz aufnahm.  \u00a9\u00a0X @sallyistaken<img decoding=\"async\" class=\"id-RatioPlaceholder-element wv_story_el_galleryImage\" src=\"https:\/\/www.europesays.com\/de\/wp-content\/uploads\/2025\/06\/38540832-die-grazer-buergermeisterin-elke-kahr-kpoe-und-ein-polizist-stehen-in-der-naehe-des-tatorts.jpeg\" loading=\"lazy\"   height=\"733\" width=\"1100\" alt=\"Die Grazer B&#xFC;rgermeisterin Elke Kahr (KP&#xD6;) und ein Polizist stehen in der N&#xE4;he des Tatorts in Graz. \"\/>15 \/ 28Die Grazer B\u00fcrgermeisterin Elke Kahr (KP\u00d6) und ein Polizist stehen in der N\u00e4he des Tatorts in Graz. Die Polizei ist im Gro\u00dfeinsatz in einer Grazer Schule in der Dreiersch\u00fctzengasse. Bei Sch\u00fcssen dort sind nach Angaben des ORF mehrere Menschen get\u00f6tet worden.  \u00a9\u00a0dpa<img decoding=\"async\" class=\"id-RatioPlaceholder-element wv_story_el_galleryImage\" src=\"https:\/\/www.europesays.com\/de\/wp-content\/uploads\/2025\/06\/38545246-bei-der-pressekonferenz-zur-amok-tat-in-graz-kaempfen-oesterreichs-innenminister-gerhard-ka.jpeg\" loading=\"lazy\"   height=\"733\" width=\"1100\" alt=\"Bei der Pressekonferenz zur Amok-Tat in Graz k&#xE4;mpfen &#xD6;sterreichs Innenminister Gerhard Karner (l.) und Bundeskanzler Christian Stocker immer wieder mit den Tr&#xE4;nen.\"\/>16 \/ 28Bei der Pressekonferenz zur Amok-Tat in Graz k\u00e4mpfen \u00d6sterreichs Innenminister Gerhard Karner (l.) und Bundeskanzler Christian Stocker immer wieder mit den Tr\u00e4nen. \u00a9\u00a0Heinz-Peter Bader\/picture alliance\/dpa\/AP<img decoding=\"async\" class=\"id-RatioPlaceholder-element wv_story_el_galleryImage\" src=\"https:\/\/www.europesays.com\/de\/wp-content\/uploads\/2025\/06\/38547937-grosseinsatz-an-schule-in-graz-PsBG.jpg\" loading=\"lazy\"   height=\"766\" width=\"1100\" alt=\"Gro&#xDF;einsatz an Schule in Graz\"\/>17 \/ 28\u00d6sterreich verh\u00e4ngt dreit\u00e4gige Staatstrauer. \u00a9\u00a0Helmut Fohringer\/APA\/dpa<img decoding=\"async\" class=\"id-RatioPlaceholder-element wv_story_el_galleryImage\" src=\"https:\/\/www.europesays.com\/de\/wp-content\/uploads\/2025\/06\/38545630-schuelerinnen-und-schueler-waren-nach-der-tat-in-der-helmut-list-halle-in-graz-untergebrach.jpeg\" loading=\"lazy\"   height=\"733\" width=\"1100\" alt=\"Sch&#xFC;lerinnen und Sch&#xFC;ler waren nach der Tat in der Helmut-List-Halle in Graz untergebracht und betreut worden. F&#xFC;r die kommenden Tage wird hier eine Anlaufstelle aufrechterhalten werden.\"\/>18 \/ 28Sch\u00fclerinnen und Sch\u00fcler waren nach der Tat in der Helmut-List-Halle in Graz untergebracht und betreut worden. F\u00fcr die kommenden Tage wird hier eine Anlaufstelle aufrechterhalten werden. \u00a9\u00a0Erwin Scheriau\/picture alliance\/dpa\/APA <img decoding=\"async\" class=\"id-RatioPlaceholder-element wv_story_el_galleryImage\" src=\"https:\/\/www.europesays.com\/de\/wp-content\/uploads\/2025\/06\/38545686-im-oberstufenrealgymnasium-in-der-dreierschuetzengasse-laeuft-jetzt-die-spurensicherung-R6B.jpeg\" loading=\"lazy\"   height=\"743\" width=\"1100\" alt=\"Im Oberstufenrealgymnasium in der Dreiersch&#xFC;tzengasse l&#xE4;uft jetzt die Spurensicherung.\"\/>19 \/ 28Im Oberstufenrealgymnasium in der Dreiersch\u00fctzengasse l\u00e4uft jetzt die Spurensicherung. \u00a9\u00a0Matija Habljak\/PIXSELL\/Imago<img decoding=\"async\" class=\"id-RatioPlaceholder-element wv_story_el_galleryImage\" src=\"https:\/\/www.europesays.com\/de\/wp-content\/uploads\/2025\/06\/38545745-das-polizeiaufgebot-im-gebaeude-war-beim-einsatz-enorm-nur-17-minuten-nach-dem-alarm-waren-.jpeg\" loading=\"lazy\"   height=\"742\" width=\"1100\" alt=\"Das Polizeiaufgebot im Geb&#xE4;ude war beim Einsatz enorm. Nur 17 Minuten nach dem Alarm waren auch Spezialeinsatzkr&#xE4;fte vor Ort.\"\/>20 \/ 28Das Polizeiaufgebot im Geb\u00e4ude war beim Einsatz enorm. Nur 17 Minuten nach dem Alarm waren auch Spezialeinsatzkr\u00e4fte vor Ort. \u00a9\u00a0Matija Habljak\/PIXSELL\/Imago<img decoding=\"async\" class=\"id-RatioPlaceholder-element wv_story_el_galleryImage\" src=\"https:\/\/www.europesays.com\/de\/wp-content\/uploads\/2025\/06\/38545790-zwischenzeitlich-hatte-es-die-befuerchtung-gegeben-es-koennte-ein-zweiter-taeter-beteiligt-.jpeg\" loading=\"lazy\"   height=\"733\" width=\"1100\" alt=\"Zwischenzeitlich hatte es die Bef&#xFC;rchtung gegeben, es k&#xF6;nnte ein zweiter T&#xE4;ter beteiligt sein. Die Bev&#xF6;lkerung wurde dringend gebeten, den Bereich um die Schule zu meiden.\"\/>21 \/ 28Zwischenzeitlich hatte es die Bef\u00fcrchtung gegeben, es k\u00f6nnte ein zweiter T\u00e4ter beteiligt sein. Die Bev\u00f6lkerung wurde dringend gebeten, den Bereich um die Schule zu meiden. \u00a9\u00a0Matija Habljak\/PIXSELL\/Imago<img decoding=\"async\" class=\"id-RatioPlaceholder-element wv_story_el_galleryImage\" src=\"https:\/\/www.europesays.com\/de\/wp-content\/uploads\/2025\/06\/38545814-das-gelaende-um-die-schule-wurde-abgesperrt-und-von-der-polizei-bewacht-2xomFbH6t1BG.jpg\" loading=\"lazy\"   height=\"733\" width=\"1100\" alt=\"Das Gel&#xE4;nde um die Schule wurde abgesperrt und von der Polizei bewacht.\"\/>22 \/ 28Das Gel\u00e4nde um die Schule wurde abgesperrt und von der Polizei bewacht. \u00a9\u00a0Matija Habljak\/PIXSELL\/Imago<img decoding=\"async\" class=\"id-RatioPlaceholder-element wv_story_el_galleryImage\" src=\"https:\/\/www.europesays.com\/de\/wp-content\/uploads\/2025\/06\/38546094-polizeikraefte-patrouillierten-rund-um-das-gebaeude-26qmdcALj5BG.jpg\" loading=\"lazy\"   height=\"825\" width=\"1100\" alt=\"Polizeikr&#xE4;fte patrouillierten rund um das Geb&#xE4;ude.\"\/>23 \/ 28Polizeikr\u00e4fte patrouillierten rund um das Geb\u00e4ude. \u00a9\u00a0Zhu Zhentao\/Imago<img decoding=\"async\" class=\"id-RatioPlaceholder-element wv_story_el_galleryImage\" src=\"https:\/\/www.europesays.com\/de\/wp-content\/uploads\/2025\/06\/38546162-die-polizei-errichtete-ein-mobiles-einsatzzentrum-PyBG.jpg\" loading=\"lazy\"   height=\"733\" width=\"1100\" alt=\"Die Polizei errichtete ein mobiles Einsatzzentrum.\"\/>24 \/ 28Die Polizei errichtete ein mobiles Einsatzzentrum. \u00a9\u00a0Alex Halada\/AFP<img decoding=\"async\" class=\"id-RatioPlaceholder-element wv_story_el_galleryImage\" src=\"https:\/\/www.europesays.com\/de\/wp-content\/uploads\/2025\/06\/38545826-gegen-11-30-uhr-anderthalb-stunden-nach-dem-amokalarm-war-die-schule-bereits-evakuiert-und-.jpeg\" loading=\"lazy\"   height=\"733\" width=\"1100\" alt=\"Gegen 11.30 Uhr, anderthalb Stunden nach dem Amokalarm, war die Schule bereits evakuiert und galt als gesichert.\"\/>25 \/ 28Gegen 11.30 Uhr, anderthalb Stunden nach dem Amokalarm, war die Schule bereits evakuiert und galt als gesichert. \u00a9\u00a0Matija Habljak\/PIXSELL\/Imago<img decoding=\"async\" class=\"id-RatioPlaceholder-element wv_story_el_galleryImage\" src=\"https:\/\/www.europesays.com\/de\/wp-content\/uploads\/2025\/06\/38546177-der-schulhof-des-grazer-borg-29hwp8JL6BBG.jpg\" loading=\"lazy\"   height=\"719\" width=\"1100\" alt=\"Der Schulhof des Grazer Borg.\"\/>26 \/ 28Der Schulhof des Grazer Borg. \u00a9\u00a0Alex Halada\/AFP<img decoding=\"async\" class=\"id-RatioPlaceholder-element wv_story_el_galleryImage\" src=\"https:\/\/www.europesays.com\/de\/wp-content\/uploads\/2025\/06\/38545866-das-rote-kreuz-berichtet-von-einem-aussergewoehnlich-grossen-einsatz-rund-220-mitarbeitende.jpeg\" loading=\"lazy\"   height=\"733\" width=\"1100\" alt=\"Das Rote Kreuz berichtet von einem au&#xDF;ergew&#xF6;hnlich gro&#xDF;en Einsatz. Rund 220 Mitarbeitende waren vor Ort und betreuten etwa 300 Schulkinder sowie 200 Eltern.\"\/>27 \/ 28Das Rote Kreuz berichtet von einem au\u00dfergew\u00f6hnlich gro\u00dfen Einsatz. Rund 220 Mitarbeitende waren vor Ort und betreuten etwa 300 Schulkinder sowie 200 Eltern. \u00a9\u00a0Matija Habljak\/PIXSELL\/Imago<img decoding=\"async\" class=\"id-RatioPlaceholder-element wv_story_el_galleryImage\" src=\"https:\/\/www.europesays.com\/de\/wp-content\/uploads\/2025\/06\/38546120-am-dienstagnachmittag-wurden-noch-zwoelf-opfer-des-amoklaufs-in-verschiedenen-krankenhaeuse.jpeg\" loading=\"lazy\"   height=\"742\" width=\"1100\" alt=\"Am Dienstagnachmittag wurden noch zw&#xF6;lf Opfer des Amoklaufs in verschiedenen Krankenh&#xE4;usern betreut, sieben davon operiert.\"\/>28 \/ 28Am Dienstagnachmittag wurden noch zw\u00f6lf Opfer des Amoklaufs in verschiedenen Krankenh\u00e4usern betreut, sieben davon operiert. \u00a9\u00a0Matija Habljak\/PIXSELL\/Imago<\/p>\n","protected":false},"excerpt":{"rendered":"Startseite Panorama Stand: 13.06.2025, 04:42 Uhr Von: Christoph Gscho\u00dfmann DruckenTeilen In \u00d6sterreich sind an einer Schule Sch\u00fcsse gefallen&hellip;\n","protected":false},"author":2,"featured_media":183327,"comment_status":"","ping_status":"","sticky":false,"template":"","format":"standard","meta":{"footnotes":""},"categories":[3],"tags":[13,14,15,12,10,8,9,11,103,104],"class_list":{"0":"post-186354","1":"post","2":"type-post","3":"status-publish","4":"format-standard","5":"has-post-thumbnail","7":"category-welt","8":"tag-headlines","9":"tag-nachrichten","10":"tag-news","11":"tag-schlagzeilen","12":"tag-top-news","13":"tag-top-meldungen","14":"tag-topmeldungen","15":"tag-topnews","16":"tag-welt","17":"tag-world"},"share_on_mastodon":{"url":"https:\/\/pubeurope.com\/@de\/114674361644415322","error":""},"_links":{"self":[{"href":"https:\/\/www.europesays.com\/de\/wp-json\/wp\/v2\/posts\/186354","targetHints":{"allow":["GET"]}}],"collection":[{"href":"https:\/\/www.europesays.com\/de\/wp-json\/wp\/v2\/posts"}],"about":[{"href":"https:\/\/www.europesays.com\/de\/wp-json\/wp\/v2\/types\/post"}],"author":[{"embeddable":true,"href":"https:\/\/www.europesays.com\/de\/wp-json\/wp\/v2\/users\/2"}],"replies":[{"embeddable":true,"href":"https:\/\/www.europesays.com\/de\/wp-json\/wp\/v2\/comments?post=186354"}],"version-history":[{"count":0,"href":"https:\/\/www.europesays.com\/de\/wp-json\/wp\/v2\/posts\/186354\/revisions"}],"wp:featuredmedia":[{"embeddable":true,"href":"https:\/\/www.europesays.com\/de\/wp-json\/wp\/v2\/media\/183327"}],"wp:attachment":[{"href":"https:\/\/www.europesays.com\/de\/wp-json\/wp\/v2\/media?parent=186354"}],"wp:term":[{"taxonomy":"category","embeddable":true,"href":"https:\/\/www.europesays.com\/de\/wp-json\/wp\/v2\/categories?post=186354"},{"taxonomy":"post_tag","embeddable":true,"href":"https:\/\/www.europesays.com\/de\/wp-json\/wp\/v2\/tags?post=186354"}],"curies":[{"name":"wp","href":"https:\/\/api.w.org\/{rel}","templated":true}]}}