{"id":186553,"date":"2025-06-13T07:08:12","date_gmt":"2025-06-13T07:08:12","guid":{"rendered":"https:\/\/www.europesays.com\/de\/186553\/"},"modified":"2025-06-13T07:08:12","modified_gmt":"2025-06-13T07:08:12","slug":"us-berufungsgericht-gibt-trump-vorerst-kommando-ueber-nationalgarde-zurueck","status":"publish","type":"post","link":"https:\/\/www.europesays.com\/de\/186553\/","title":{"rendered":"US-Berufungsgericht gibt Trump vorerst Kommando \u00fcber Nationalgarde zur\u00fcck"},"content":{"rendered":"<p class=\"tspBFke tspBFkf\">Auseinandersetzung auf den Stra\u00dfen der USA und nun juristisch: Ein Berufungsgericht eine<strong> richterliche Anordnung zur Kontrolle \u00fcber die Nationalgarde <\/strong>vorerst gekippt. Das Gericht setzte am Donnerstag (Ortszeit) eine Entscheidung des in San Francisco ans\u00e4ssigen US-<strong>Bezirksrichters Charles Breyer<\/strong> aus.<\/p>\n<p><a href=\"https:\/\/abo.tagesspiegel.de\/tagesspiegel-app?icid=single-topic_13846267___\" data-gtm-class=\"article-mzt-link\" class=\"tspCJn1\" rel=\"nofollow noopener\" target=\"_blank\">Die Tagesspiegel-App Aktuelle Nachrichten, Hintergr\u00fcnde und Analysen direkt auf Ihr Smartphone. Dazu die digitale Zeitung. Hier gratis herunterladen.  <\/a><\/p>\n<p class=\"tspBFke\"><a href=\"https:\/\/www.tagesspiegel.de\/internationales\/kaliforniens-gouverneur-teilt-aus-hes-lost-it--newsom-bezeichnet-trump-als-verwirrt-13845313.html?icid=in-text-link_13846267\" class=\"link link--internal\" data-gtm-class=\"article-text-link\" data-gtm-val=\"internal\" rel=\"nofollow noopener\" target=\"_blank\">Dieser hatte die von <strong>US-Pr\u00e4sident Donald Trump<\/strong> in Los Angeles eingesetzte Nationalgarde<\/a> wieder unter die Kontrolle des kalifornischen Gouverneurs <strong>Gavin Newsom von den Demokraten<\/strong> gestellt und damit <strong>ihren Einsatz gegen Demonstranten in Los Angeles<\/strong> unterbunden. Die US-Regierung legte allerdings Berufung gegen die Anordnung ein. Die Entscheidung des Berufungsgerichts bedeutet nicht, dass es letztendlich <strong>dem Republikaner Trump<\/strong> recht geben wird. <strong>Er beh\u00e4lt das Kommando \u00fcber die Nationalgarde aber zun\u00e4chst.<\/strong><\/p>\n<p> Trump hatte Proteste als Rebellion bezeichnet <\/p>\n<p class=\"tspBFke\">Trump hatte zur Unterst\u00fctzung einer Polizeiaktion gegen Demonstranten \u00fcber den Einspruch von Newsom hinweg die Nationalgarde und sp\u00e4ter <strong>auch Marineinfanteristen nach Los Angeles beordert<\/strong>. Der US-Pr\u00e4sident hatte <strong>die Proteste als Rebellion bezeichnet<\/strong> und den Einsatz der Nationalgarde damit begr\u00fcndet, dass die \u00f6rtliche Polizei beim Schutz von Bundesgeb\u00e4uden unterst\u00fctzt werden m\u00fcsse.<\/p>\n<p class=\"tspBFke\">Die Proteste gegen die Migrationspolitik der US-Regierung seien \u201ealles andere als eine Rebellion\u201c, hatte dagegen Richter Breyer erkl\u00e4rt. Seine Anordnung sollte am Freitagmittag (Ortszeit) in Kraft treten.<\/p>\n<p class=\"tspBFke\">Vorangegangen waren der Entsendung <strong>Demonstrationen in Los Angeles gegen Trumps harten Migrationskurs und Abschieberazzien der Einwanderungsbeh\u00f6rde ICE<\/strong>. Die US-Regierung mobilisierte deshalb<strong> 4.000 Soldaten und Soldatinnen der Nationalgarde und 700 Marineinfanteristen<\/strong> der regul\u00e4ren Streitkr\u00e4fte f\u00fcr den Einsatz in Los Angeles &#8211; gegen den Willen des kalifornischen Gouverneurs Newsom.\u00a0<\/p>\n<p> Mehr zu Donald Trump bei Tagesspiegel Plus: <a href=\"https:\/\/www.tagesspiegel.de\/kultur\/bruce-springsteen-auf-mission-in-berlin-gut-dass-amerika-noch-den-boss-hat-13839160.html?icid=topic-list_13846267___\" data-gtm-class=\"article-mzt-link\" class=\"tspCJn1\" rel=\"nofollow noopener\" target=\"_blank\">Bruce Springsteen auf Mission in Berlin Gut, dass Amerika noch den \u201eBoss\u201c hat <\/a><a href=\"https:\/\/www.tagesspiegel.de\/internationales\/trumps-militareinsatz-in-kalifornien-nutzt-dem-us-prasidenten-sein-harter-kurs-13830028.html?icid=topic-list_13846267___\" data-gtm-class=\"article-mzt-link\" class=\"tspCJn1\" rel=\"nofollow noopener\" target=\"_blank\">Trumps Milit\u00e4reinsatz in Kalifornien  N\u00fctzt dem US-Pr\u00e4sidenten sein harter Kurs? <\/a><a href=\"https:\/\/www.tagesspiegel.de\/internationales\/massive-proteste-gegen-us-prasident-trump-kalifornien--wirklich-ein-golden-state-13828354.html?icid=topic-list_13846267___\" data-gtm-class=\"article-mzt-link\" class=\"tspCJn1\" rel=\"nofollow noopener\" target=\"_blank\">Massive Proteste gegen US-Pr\u00e4sident Trump Kalifornien \u2013 wirklich ein Golden State? <\/a><\/p>\n<p class=\"tspBFke\"><strong>In den USA haben im Normalfall die Bundesstaaten die Kontrolle \u00fcber die Nationalgarde.<\/strong> Die milit\u00e4rische Reserveeinheit wird etwa bei Naturkatastrophen, Unruhen oder Notf\u00e4llen im Inneren eingesetzt wird.<\/p>\n<p class=\"tspBFke\">Seit 1965 hatte kein US-Pr\u00e4sident mehr die Nationalgarde eines Bundesstaats gegen dessen erkl\u00e4rten Willen \u00fcbernommen. (Reuters, dpa)<\/p>\n","protected":false},"excerpt":{"rendered":"Auseinandersetzung auf den Stra\u00dfen der USA und nun juristisch: Ein Berufungsgericht eine richterliche Anordnung zur Kontrolle \u00fcber die&hellip;\n","protected":false},"author":2,"featured_media":186554,"comment_status":"","ping_status":"","sticky":false,"template":"","format":"standard","meta":{"footnotes":""},"categories":[5],"tags":[331,332,3364,29,106,30,13,2847,14,15,121,12,3351,2984,64],"class_list":{"0":"post-186553","1":"post","2":"type-post","3":"status-publish","4":"format-standard","5":"has-post-thumbnail","7":"category-nachrichten","8":"tag-aktuelle-nachrichten","9":"tag-aktuelle-news","10":"tag-de","11":"tag-deutschland","12":"tag-donald-trump","13":"tag-germany","14":"tag-headlines","15":"tag-kalifornien","16":"tag-nachrichten","17":"tag-news","18":"tag-polizei","19":"tag-schlagzeilen","20":"tag-us-demokraten","21":"tag-us-republikaner","22":"tag-usa"},"share_on_mastodon":{"url":"https:\/\/pubeurope.com\/@de\/114674801288709831","error":""},"_links":{"self":[{"href":"https:\/\/www.europesays.com\/de\/wp-json\/wp\/v2\/posts\/186553","targetHints":{"allow":["GET"]}}],"collection":[{"href":"https:\/\/www.europesays.com\/de\/wp-json\/wp\/v2\/posts"}],"about":[{"href":"https:\/\/www.europesays.com\/de\/wp-json\/wp\/v2\/types\/post"}],"author":[{"embeddable":true,"href":"https:\/\/www.europesays.com\/de\/wp-json\/wp\/v2\/users\/2"}],"replies":[{"embeddable":true,"href":"https:\/\/www.europesays.com\/de\/wp-json\/wp\/v2\/comments?post=186553"}],"version-history":[{"count":0,"href":"https:\/\/www.europesays.com\/de\/wp-json\/wp\/v2\/posts\/186553\/revisions"}],"wp:featuredmedia":[{"embeddable":true,"href":"https:\/\/www.europesays.com\/de\/wp-json\/wp\/v2\/media\/186554"}],"wp:attachment":[{"href":"https:\/\/www.europesays.com\/de\/wp-json\/wp\/v2\/media?parent=186553"}],"wp:term":[{"taxonomy":"category","embeddable":true,"href":"https:\/\/www.europesays.com\/de\/wp-json\/wp\/v2\/categories?post=186553"},{"taxonomy":"post_tag","embeddable":true,"href":"https:\/\/www.europesays.com\/de\/wp-json\/wp\/v2\/tags?post=186553"}],"curies":[{"name":"wp","href":"https:\/\/api.w.org\/{rel}","templated":true}]}}