{"id":186610,"date":"2025-06-13T07:40:09","date_gmt":"2025-06-13T07:40:09","guid":{"rendered":"https:\/\/www.europesays.com\/de\/186610\/"},"modified":"2025-06-13T07:40:09","modified_gmt":"2025-06-13T07:40:09","slug":"berlin-brandenburg-hohe-waldbrandgefahr-in-mehreren-landkreisen","status":"publish","type":"post","link":"https:\/\/www.europesays.com\/de\/186610\/","title":{"rendered":"Berlin &#038; Brandenburg: Hohe Waldbrandgefahr in mehreren Landkreisen"},"content":{"rendered":"<p>                    Berlin &amp; Brandenburg<br \/>\n                Hohe Waldbrandgefahr in mehreren Landkreisen<\/p>\n<p>\t\t\t\t              13.06.2025, 09:35 Uhr<\/p>\n<p><strong>Die Waldbrandsaison ist im vollen Gang. In f\u00fcnf Regionen ist die Gefahr hoch.<\/strong><\/p>\n<p>Potsdam (dpa\/bb) &#8211; Das Waldbrandrisiko in Brandenburg steigt wieder. In f\u00fcnf Landkreisen gilt laut Landesbetrieb Forst die zweith\u00f6chste Gefahrenstufe 4, das bedeutet eine hohe Gefahr. Das sind die Kreise Havelland, Potsdam-Mittelmark, M\u00e4rkisch-Oderland, Oder-Spree und Spree-Nei\u00dfe. In den anderen Regionen gilt \u00fcberwiegend eine mittlere Waldbrandgefahr.<\/p>\n<p>Am Samstag wird es trocken und sehr warm. Laut Deutschem Wetterdienst sollen Werte zwischen 27 und 31 Grad erreicht werden. Am Sonntag k\u00f6nnen kr\u00e4ftige Schauer und Gewitter auftreten.<\/p>\n<p>Mit ausgedehnten Kiefernw\u00e4ldern, geringem Niederschlag und leichten Sandb\u00f6den ist Brandenburg nach Einsch\u00e4tzung des Landesbetriebs Forst das Land mit der h\u00f6chsten Waldbrandgef\u00e4hrdung bundesweit. In der aktuellen Waldbrandsaison sind die Feuerwehren in Brandenburg bis Ende Mai zu 125 Waldbr\u00e4nden ausger\u00fcckt.<\/p>\n","protected":false},"excerpt":{"rendered":"Berlin &amp; Brandenburg Hohe Waldbrandgefahr in mehreren Landkreisen 13.06.2025, 09:35 Uhr Die Waldbrandsaison ist im vollen Gang. In&hellip;\n","protected":false},"author":2,"featured_media":186611,"comment_status":"","ping_status":"","sticky":false,"template":"","format":"standard","meta":{"footnotes":""},"categories":[1816],"tags":[1960,1958,1959,1957,296,1956,1890,29,30,5463,62301,6189],"class_list":{"0":"post-186610","1":"post","2":"type-post","3":"status-publish","4":"format-standard","5":"has-post-thumbnail","7":"category-brandenburg","8":"tag-aktuelle-nachrichten-aus-berlin-und-brandenburg","9":"tag-aktuelle-nachrichten-aus-brandenburg","10":"tag-aktuelle-news-aus-berlin-und-brandenburg","11":"tag-aktuelle-news-aus-brandenburg","12":"tag-berlin","13":"tag-berlin-und-brandenburg","14":"tag-brandenburg","15":"tag-deutschland","16":"tag-germany","17":"tag-hohe","18":"tag-landkreisen","19":"tag-waldbrandgefahr"},"share_on_mastodon":{"url":"https:\/\/pubeurope.com\/@de\/114674927791635238","error":""},"_links":{"self":[{"href":"https:\/\/www.europesays.com\/de\/wp-json\/wp\/v2\/posts\/186610","targetHints":{"allow":["GET"]}}],"collection":[{"href":"https:\/\/www.europesays.com\/de\/wp-json\/wp\/v2\/posts"}],"about":[{"href":"https:\/\/www.europesays.com\/de\/wp-json\/wp\/v2\/types\/post"}],"author":[{"embeddable":true,"href":"https:\/\/www.europesays.com\/de\/wp-json\/wp\/v2\/users\/2"}],"replies":[{"embeddable":true,"href":"https:\/\/www.europesays.com\/de\/wp-json\/wp\/v2\/comments?post=186610"}],"version-history":[{"count":0,"href":"https:\/\/www.europesays.com\/de\/wp-json\/wp\/v2\/posts\/186610\/revisions"}],"wp:featuredmedia":[{"embeddable":true,"href":"https:\/\/www.europesays.com\/de\/wp-json\/wp\/v2\/media\/186611"}],"wp:attachment":[{"href":"https:\/\/www.europesays.com\/de\/wp-json\/wp\/v2\/media?parent=186610"}],"wp:term":[{"taxonomy":"category","embeddable":true,"href":"https:\/\/www.europesays.com\/de\/wp-json\/wp\/v2\/categories?post=186610"},{"taxonomy":"post_tag","embeddable":true,"href":"https:\/\/www.europesays.com\/de\/wp-json\/wp\/v2\/tags?post=186610"}],"curies":[{"name":"wp","href":"https:\/\/api.w.org\/{rel}","templated":true}]}}