{"id":186634,"date":"2025-06-13T07:53:15","date_gmt":"2025-06-13T07:53:15","guid":{"rendered":"https:\/\/www.europesays.com\/de\/186634\/"},"modified":"2025-06-13T07:53:15","modified_gmt":"2025-06-13T07:53:15","slug":"dfb-jedes-tor-macht-woltemade-teurer-stuermer-spricht-ueber-chelsea-interesse-sport","status":"publish","type":"post","link":"https:\/\/www.europesays.com\/de\/186634\/","title":{"rendered":"DFB: Jedes Tor macht Woltemade teurer \u2013\u00a0St\u00fcrmer spricht \u00fcber Chelsea-Interesse | Sport"},"content":{"rendered":"<p><b>Bei diesem DFB-St\u00fcrmer schaut England ganz genau hin.<\/b><\/p>\n<p>Mit einem Dreierpack gegen Slowenien (3:0) ballerte Nick Woltemade Deutschland quasi im Alleingang schon fast ins Viertelfinale der U21-Europameisterschaft in der Slowakei. Gegen die Engl\u00e4nder (3:1 gegen Tschechien) geht es im letzten Spiel der Gruppe B eventuell nur noch um Platz 1.<\/p>\n<p><b>Dabei k\u00f6nnte die Zukunft des Stuttgart-Senkrechtstarters (Vertrag bis Sommer 2028) zuk\u00fcnftig sogar auf der Insel liegen. Und: Jedes Tor macht Woltemade teurer!<\/b><\/p>\n<p>Lesen Sie auch<\/p>\n<p><b>Denn der 1,98-Meter-H\u00fcne wird neben Bayern M\u00fcnchen und Atl\u00e9tico Madrid auch vom FC Chelsea gejagt. Nach BILD-Informationen gab es rund um den Turnier-Start Kontakt zwischen Vertretern des f\u00fcnfmaligen Premier-League-Siegers und dem Management Woltemades.<\/b><\/p>\n<p>Denn d<a href=\"https:\/\/www.bild.de\/sport\/fussball\/dfb-voeller-schimpft-auf-klub-wm-6849a5795f36f04e93219648\" class=\"text-link\" target=\"_blank\" rel=\"noopener\">er VfB Stuttgart hat bei dieser Personalie das Sagen, weil der St\u00fcrmer in seinem Arbeitspapier keine Ausstiegs-Klausel verankert hat.<\/a> Wer Woltemade will, muss ordentlich in die Tasche greifen.<\/p>\n<p>DFB: Woltemade spricht \u00fcber Chelsea-Anfrage<\/p>\n<p>Und was sagt der Angreifer zum Interesse des Top-Klubs?<\/p>\n<p><b>\u201eIch glaube, so etwas geh\u00f6rt dazu\u201c, sagt der Rechtsfu\u00df und f\u00fcgt hinzu: \u201eEs w\u00e4re nicht optimales Scouting, wenn ein Verein das jetzt nicht auf dem Zettel h\u00e4tte.\u201c BILD hakt nach: H\u00e4tten Sie denn Bock auf Chelsea? \u201e\u00dcber meine Zukunft mache ich mir jetzt gerade keine Gedanken.\u201c<\/b><\/p>\n<p>\u201eHabe mich dabei ertappt\u201c: Ist Ihnen DAS bei San\u00e9s Flughafen-Foto aufgefallen?<a href=\"https:\/\/www.bild.de\/sport\/fussball\/galatasaray-begruesst-leroy-sane-am-flughafen-684a750d5f36f04e93219cc3\" class=\"anchor\" target=\"_blank\" rel=\"noopener\"><img decoding=\"async\" width=\"992\" height=\"558\" alt=\"Interessantes Detail bei der San\u00e9-Vorstellung am Flughafen.\" src=\"https:\/\/www.europesays.com\/de\/wp-content\/uploads\/2025\/06\/13106ae834e08fb5a8aee1418280d014-landscape,4790e4e2\"   class=\"landscape teaser__image\" loading=\"lazy\"\/><\/a><\/p>\n<p>Quelle: BILD13.06.2025<\/p>\n<p>Denn f\u00fcr den Ex-Bremer z\u00e4hlt erst mal nur die Europameisterschaft. \u201eIch bin jetzt bei der U21-Nationalmannschaft, habe sehr viel Spa\u00df und gerade drei Tore geschossen.\u201c Ebendieser Dreierpack d\u00fcrfte das Interesse der Engl\u00e4nder allerdings gesteigert haben. Und eventuell weitere (internationale) Top-Vereine auf ihn aufmerksam gemacht haben.<\/p>\n<p><b>VfB-Sportvorstand Fabian Wohlgemuth (46) sagte zuletzt: \u201eNicks Qualit\u00e4t und das Stuttgarter Umfeld sind offensichtlich eine extrem starke Verbindung, die ihre Kraft noch lange nicht aufgebraucht hat.\u201c<\/b><\/p>\n<p>Alexander-Arnold vorgestellt: Pl\u00f6tzlich \u00fcberrascht der Real-Neuzugang alle<a href=\"https:\/\/www.bild.de\/sport\/fussball\/alexander-arnold-vorgestellt-ploetzlich-ueberrascht-der-real-neuzugang-alle-684b36d1b36c81636a77feac\" class=\"anchor\" target=\"_blank\" rel=\"noopener\"><img decoding=\"async\" width=\"992\" height=\"558\" alt=\"Teaser-Bild\" src=\"https:\/\/www.europesays.com\/de\/wp-content\/uploads\/2025\/06\/ff44252de473eef6d4acfc8d381b0643-landscape,cd9e5a8b\"   class=\"landscape teaser__image\" loading=\"lazy\"\/><\/a><\/p>\n<p>Quelle: AP12.06.2025<\/p>\n<p><b>Dennoch wird es in der kommenden Wochen Vertrags-Gespr\u00e4che zwischen Woltemade und dem VfB geben. Das <\/b><a href=\"https:\/\/www.bild.de\/sport\/fussball\/dfb-deutschlands-u21-keeper-atubolu-will-jetzt-diesen-ewig-rekord-684abff66b971f50418e94d3\" class=\"text-link\" target=\"_blank\" rel=\"noopener\"><b>Gehalt des Ex-Bremers<\/b><\/a><b> soll nach seinen starken Saison-Leistungen (17 Treffer in 33 Begegnungen) angepasst werden \u2013\u00a0die Tore machen Woltemade teurer.<\/b><\/p>\n","protected":false},"excerpt":{"rendered":"Bei diesem DFB-St\u00fcrmer schaut England ganz genau hin. Mit einem Dreierpack gegen Slowenien (3:0) ballerte Nick Woltemade Deutschland&hellip;\n","protected":false},"author":2,"featured_media":186635,"comment_status":"","ping_status":"","sticky":false,"template":"","format":"standard","meta":{"footnotes":""},"categories":[136],"tags":[621,51687,1263,1260,29,481,538,1002,458,4771,485,30,39615,957,10699,265,542,819,1576,45,1261,22156,43734,43735,2915,14709,784],"class_list":{"0":"post-186634","1":"post","2":"type-post","3":"status-publish","4":"format-standard","5":"has-post-thumbnail","7":"category-sport","8":"tag-2-bundesliga","9":"tag-atletico-madrid","10":"tag-aufmacher-bereich","11":"tag-deutsche-nationalmannschaft","12":"tag-deutschland","13":"tag-dfb","14":"tag-erste-bundesliga","15":"tag-fans","16":"tag-fc-bayern-muenchen","17":"tag-fc-chelsea","18":"tag-fussball-bundesliga","19":"tag-germany","20":"tag-kitsch-christian","21":"tag-premier-league","22":"tag-schwank-kevin","23":"tag-sport","24":"tag-sport-leuchtturm-hamburg","25":"tag-sport-leuchtturm-essen","26":"tag-super-a-teaser","27":"tag-texttospeech","28":"tag-toralarm-top-news","29":"tag-u21","30":"tag-u21-nationalmannschaft-deutschland","31":"tag-u21-em","32":"tag-vfb-stuttgart","33":"tag-woltemade-nick","34":"tag-zweite-bundesliga"},"share_on_mastodon":{"url":"","error":"Validation failed: Text character limit of 500 exceeded"},"_links":{"self":[{"href":"https:\/\/www.europesays.com\/de\/wp-json\/wp\/v2\/posts\/186634","targetHints":{"allow":["GET"]}}],"collection":[{"href":"https:\/\/www.europesays.com\/de\/wp-json\/wp\/v2\/posts"}],"about":[{"href":"https:\/\/www.europesays.com\/de\/wp-json\/wp\/v2\/types\/post"}],"author":[{"embeddable":true,"href":"https:\/\/www.europesays.com\/de\/wp-json\/wp\/v2\/users\/2"}],"replies":[{"embeddable":true,"href":"https:\/\/www.europesays.com\/de\/wp-json\/wp\/v2\/comments?post=186634"}],"version-history":[{"count":0,"href":"https:\/\/www.europesays.com\/de\/wp-json\/wp\/v2\/posts\/186634\/revisions"}],"wp:featuredmedia":[{"embeddable":true,"href":"https:\/\/www.europesays.com\/de\/wp-json\/wp\/v2\/media\/186635"}],"wp:attachment":[{"href":"https:\/\/www.europesays.com\/de\/wp-json\/wp\/v2\/media?parent=186634"}],"wp:term":[{"taxonomy":"category","embeddable":true,"href":"https:\/\/www.europesays.com\/de\/wp-json\/wp\/v2\/categories?post=186634"},{"taxonomy":"post_tag","embeddable":true,"href":"https:\/\/www.europesays.com\/de\/wp-json\/wp\/v2\/tags?post=186634"}],"curies":[{"name":"wp","href":"https:\/\/api.w.org\/{rel}","templated":true}]}}