{"id":186886,"date":"2025-06-13T10:19:14","date_gmt":"2025-06-13T10:19:14","guid":{"rendered":"https:\/\/www.europesays.com\/de\/186886\/"},"modified":"2025-06-13T10:19:14","modified_gmt":"2025-06-13T10:19:14","slug":"a7-und-elbtunnel-in-hamburg-ab-heute-abend-gesperrt-ndr-de-nachrichten","status":"publish","type":"post","link":"https:\/\/www.europesays.com\/de\/186886\/","title":{"rendered":"A7 und Elbtunnel in Hamburg ab heute Abend gesperrt | NDR.de &#8211; Nachrichten"},"content":{"rendered":"<p>\nStand: 13.06.2025 11:57 Uhr\n<\/p>\n<p class=\"preface\">Die Autobahn 7 in Hamburg wird ab heute Abend wieder f\u00fcr ein Wochenende gesperrt. Betroffen ist das Teilst\u00fcck zwischen den Anschlussstellen Hamburg-Stellingen und Hamburg-Heimfeld &#8211; diesmal aber nur Richtung S\u00fcden.<\/p>\n<p>Es wird von 22 Uhr bis Montag um 5 Uhr dichtgemacht. F\u00fcr Autofahrerinnen und Autofahrer gibt es wegen der Sperrung erhebliche Einschr\u00e4nkungen. Auch der Elbtunnel ist betroffen. Laut Autobahn GmbH ist die Sperrung n\u00f6tig, weil f\u00fcr die Freigabe der achtstreifigen A7-Erweiterung die komplette Richtungsfahrbahn S\u00fcd neu markiert werden muss.<\/p>\n<p>Weitr\u00e4umige Umleitung<\/p>\n<p>Um den gesperrten Autobahnabschnitt zu umfahren, werden Autofahrinnen und -fahrer \u00fcber die B205, A21 und A1 umgeleitet. Sie sollten ab der Anschlussstelle Neum\u00fcnster-S\u00fcd auf die B205 fahren, dann \u00fcber die A21 und A1 wieder auf die A7. Gro\u00dfraum- und Schwerlasttransporte\u00a0m\u00fcssen weitr\u00e4umig ausweichen, da eine Durchfahrt nicht m\u00f6glich ist.<\/p>\n<p>&#8222;&gt;<\/p>\n<p>N\u00e4chste Vollsperrung Anfang Juli<\/p>\n<p>Schon am Wochenende vom 4. bis 7. Juli soll die A7 erneut voll gesperrt werden, also sowohl in Richtung S\u00fcden als auch Richtung Norden. Dann beginnen auch die Sommerferien in mehreren Bundesl\u00e4ndern, darunter Niedersachsen und Bremen.<\/p>\n<p>A7 wird auf acht Spuren verbreitert<\/p>\n<p>Hintergrund der Bauarbeiten ist der <a href=\"https:\/\/www.ndr.de\/nachrichten\/info\/Autobahn-7-Der-grosse-Ausbau-im-Norden,asiebenausbau100.html\" title=\"Zum Artikel: Autobahn 7: Der gro\u00dfe Ausbau im Norden\" target=\"_blank\" rel=\"noopener\">Ausbau der A7 in Hamburg<\/a> auf acht Spuren. Im Bereich Altona entsteht zugleich ein gut zwei Kilometer langer L\u00e4rmschutztunnel. Im Jahr 2024 gab es bereits sechs Vollsperrungen.<\/p>\n<p>Weitere geplante A7-Sperrungen 2025 im \u00dcberblick:<\/p>\n<ul class=\"contentlist\">\n<li>18.7. &#8211; 21.7. Tunnel Schnelsen &#8211; technische Arbeiten und Sicherheitstechnik <\/li>\n<li>9.8. &#8211; 10.8. Tunnel Schnelsen &#8211; Nacharbeiten an der Technik (Ersatztermin: 16.8. &#8211; 17.8.)<\/li>\n<li>26.9. &#8211; 29.9. Elbtunnel, K20 und Tunnelleitzentrale &#8211; Umschaltungen und Pr\u00fcfungen<\/li>\n<li>17.10. &#8211; 20.10. Elbtunnel &#8211; Instandhaltung und Technik im Tunnelbetrieb <\/li>\n<li>7.11. &#8211; 10.11. Hochstra\u00dfe K20 &#8211; weitere Bau- und Pr\u00fcfma\u00dfnahmen <\/li>\n<li>14.11. &#8211; 17.11. Tunnel Stellingen &#8211; Wartung, Technik und Pr\u00fcfungen <\/li>\n<li>6.12. &#8211; 7.12. Hochstra\u00dfe K20 &#8211; Arbeiten im Haupttunnel nachts<\/li>\n<\/ul>\n<p>Am Wochenende auch Sperrung auf der A1<\/p>\n<p>Parallel zur Sperrung auf der A7 kommt es am Wochenende auch <a href=\"https:\/\/www.ndr.de\/nachrichten\/schleswig-holstein\/Sperrung-der-A1-bei-Bargteheide-Sommer-Sonne-Staus,aeins144.html\" title=\"Zum Artikel: Autobahn A1 und A7 am Wochenende gesperrt: Sommer, Sonne, Staus?\" target=\"_blank\" rel=\"noopener\">auf der A1 zu einer Sperrung<\/a>, wie die Autobahn GmbH mitteilte. Von Freitag, 13. Juni, um 20 Uhr, bis Sonntag, 15. Juni, um 20 Uhr, wird die Autobahn zwischen der Anschlussstelle Ahrensburg und dem Autobahnkreuz Bargteheide in Richtung Norden gesperrt. Das betrifft auch die Rastanlage Buddikate.<\/p>\n<p>Neubau einer Br\u00fccke im Autobahnkreuz<\/p>\n<p>Grund ist der Neubau einer Br\u00fccke. Das im Jahre 1966 errichtete Kreuzungsbauwerk der A21 \u00fcber die A1 ist den aktuellen und k\u00fcnftigen Verkehrsanforderungen nicht mehr gewachsen und muss daher ersetzt werden, hei\u00dft es zur Begr\u00fcndung. Der Verkehr in Fahrtrichtung Norden wird gro\u00dfr\u00e4umig \u00fcber die A24, B404 zur A1, AK Bargteheide abgeleitet. Eine Beschilderung wird auf den Umleitungsstrecken eingerichtet.<\/p>\n<p>Weitere Informationen<\/p>\n<p><img decoding=\"async\" src=\"https:\/\/www.europesays.com\/de\/wp-content\/uploads\/2025\/04\/stau233_v-contentgross.jpg\" alt=\"Stau vor dem Elbtunnel in Hamburg \u00a9 picture alliance \/ dpa Foto: Bodo Marks\" title=\"Stau vor dem Elbtunnel in Hamburg\" class=\"responsive\"\/><\/p>\n<p>\nStaus, Baustellen, Gefahrenhinweise und Behinderungen auf den Stra\u00dfen &#8211; die aktuelle Verkehrslage in und um Hamburg.<br \/>\n<a title=\"Zum Artikel: Verkehrsmeldungen f\u00fcr Hamburg\" href=\"http:\/\/www.ndr.de\/nachrichten\/verkehr\/index.html#traffic_region=hamburg&amp;filters=traffic_jam,construction_area,other,ferry,m1road,aroad,street,town&amp;tab=0\" class=\"cta \" target=\"_blank\" rel=\"noopener\">mehr<\/a>\n<\/p>\n<p><img decoding=\"async\" src=\"https:\/\/www.europesays.com\/de\/wp-content\/uploads\/2025\/06\/baustelle1012_v-contentgross.jpg\" alt=\"Eine Stra\u00dfe ist mit Warnbaken und einem Zaun abgesperrt. \u00a9 NDR Foto: Pavel Stoyan\" title=\"Eine Stra\u00dfe ist mit Warnbaken und einem Zaun abgesperrt.\" class=\"responsive\"\/><\/p>\n<p>\nAm Wochenende ist die Autobahn 1 in Richtung L\u00fcbeck zwischen Ahrensburg und dem Autobahnkreuz Bargteheide gesperrt. Auch die A7 in Hamburg ist dicht.<br \/>\n<a title=\"Zum Artikel: Autobahn A1 und A7 am Wochenende gesperrt: Sommer, Sonne, Staus?\" href=\"https:\/\/www.ndr.de\/nachrichten\/schleswig-holstein\/Sperrung-der-A1-bei-Bargteheide-Sommer-Sonne-Staus,aeins144.html\" class=\"cta \" target=\"_blank\" rel=\"noopener\">mehr<\/a>\n<\/p>\n<p><img decoding=\"async\" src=\"https:\/\/www.europesays.com\/de\/wp-content\/uploads\/2025\/04\/screenshot1913672_v-contentgross.jpg\" alt=\"Arbeiter an einer Schilderbr\u00fccke \u00fcber der vollgesperrten A7 in Hamburg. \u00a9 Screenshot \" title=\"Arbeiter an einer Schilderbr\u00fccke \u00fcber der vollgesperrten A7 in Hamburg.\" class=\"responsive\"\/><\/p>\n<p>\nGro\u00dfprojekte machen im Laufe des Jahres zahlreiche Sperrungen auf der A7 n\u00f6tig. Betroffen ist an mehreren Wochenenden auch der Elbtunnel.<br \/>\n<a title=\"Zum Artikel: Hamburg: Neun weitere A7-Vollsperrungen f\u00fcr 2025 geplant\" href=\"https:\/\/www.ndr.de\/nachrichten\/hamburg\/Hamburg-Neun-weitere-A7-Vollsperrungen-fuer-2025-geplant,asieben676.html\" class=\"cta \" target=\"_blank\" rel=\"noopener\">mehr<\/a>\n<\/p>\n<p><img decoding=\"async\" src=\"https:\/\/www.europesays.com\/de\/wp-content\/uploads\/2025\/04\/langenfelderbruecke101_v-contentgross.jpg\" alt=\"Die Computergrafik zeigt, wie die verbreiterte Langenfelder Br\u00fccke in Hamburg aussehen soll. \u00a9 DEGES V-KON.media Foto: DEGES V-KON.media\" title=\"Die Computergrafik zeigt, wie die verbreiterte Langenfelder Br\u00fccke in Hamburg aussehen soll.\" class=\"responsive\"\/><\/p>\n<p>\nDie A7 in Hamburg wird ausgebaut. NDR.de informiert \u00fcber das Bauprojekt und die aktuelle Verkehrslage.<br \/>\n<a title=\"Zum Artikel: Autobahn 7: Der gro\u00dfe Ausbau im Norden\" href=\"https:\/\/www.ndr.de\/nachrichten\/info\/Autobahn-7-Der-grosse-Ausbau-im-Norden,asiebenausbau100.html\" class=\"cta \" target=\"_blank\" rel=\"noopener\">mehr<\/a>\n<\/p>\n<p>Dieses Thema im Programm:<\/p>\n<p>NDR 90,3 |<br \/>\nNDR 90,3 Aktuell |<br \/>\n13.06.2025 | 12:00 Uhr<\/p>\n<p><img decoding=\"async\" src=\"https:\/\/www.europesays.com\/de\/wp-content\/uploads\/2025\/03\/ndr_printlogo.gif\" alt=\"NDR Logo\" title=\"NDR Logo\"\/><\/p>\n","protected":false},"excerpt":{"rendered":"Stand: 13.06.2025 11:57 Uhr Die Autobahn 7 in Hamburg wird ab heute Abend wieder f\u00fcr ein Wochenende gesperrt.&hellip;\n","protected":false},"author":2,"featured_media":186887,"comment_status":"","ping_status":"","sticky":false,"template":"","format":"standard","meta":{"footnotes":""},"categories":[1826],"tags":[5260,5259,2461,29,5261,30,692,5263,2224,5262,3043],"class_list":{"0":"post-186886","1":"post","2":"type-post","3":"status-publish","4":"format-standard","5":"has-post-thumbnail","7":"category-hamburg","8":"tag-a7","9":"tag-autobahn-7","10":"tag-baustelle","11":"tag-deutschland","12":"tag-elbtunnel","13":"tag-germany","14":"tag-hamburg","15":"tag-heimfeld","16":"tag-sperrung","17":"tag-stellingen","18":"tag-vollsperrung"},"share_on_mastodon":{"url":"https:\/\/pubeurope.com\/@de\/114675552532773943","error":""},"_links":{"self":[{"href":"https:\/\/www.europesays.com\/de\/wp-json\/wp\/v2\/posts\/186886","targetHints":{"allow":["GET"]}}],"collection":[{"href":"https:\/\/www.europesays.com\/de\/wp-json\/wp\/v2\/posts"}],"about":[{"href":"https:\/\/www.europesays.com\/de\/wp-json\/wp\/v2\/types\/post"}],"author":[{"embeddable":true,"href":"https:\/\/www.europesays.com\/de\/wp-json\/wp\/v2\/users\/2"}],"replies":[{"embeddable":true,"href":"https:\/\/www.europesays.com\/de\/wp-json\/wp\/v2\/comments?post=186886"}],"version-history":[{"count":0,"href":"https:\/\/www.europesays.com\/de\/wp-json\/wp\/v2\/posts\/186886\/revisions"}],"wp:featuredmedia":[{"embeddable":true,"href":"https:\/\/www.europesays.com\/de\/wp-json\/wp\/v2\/media\/186887"}],"wp:attachment":[{"href":"https:\/\/www.europesays.com\/de\/wp-json\/wp\/v2\/media?parent=186886"}],"wp:term":[{"taxonomy":"category","embeddable":true,"href":"https:\/\/www.europesays.com\/de\/wp-json\/wp\/v2\/categories?post=186886"},{"taxonomy":"post_tag","embeddable":true,"href":"https:\/\/www.europesays.com\/de\/wp-json\/wp\/v2\/tags?post=186886"}],"curies":[{"name":"wp","href":"https:\/\/api.w.org\/{rel}","templated":true}]}}