{"id":186888,"date":"2025-06-13T10:20:09","date_gmt":"2025-06-13T10:20:09","guid":{"rendered":"https:\/\/www.europesays.com\/de\/186888\/"},"modified":"2025-06-13T10:20:09","modified_gmt":"2025-06-13T10:20:09","slug":"berlin-brandenburg-zwoelfjaehrige-bei-rassistischem-angriff-in-berlin-verletzt","status":"publish","type":"post","link":"https:\/\/www.europesays.com\/de\/186888\/","title":{"rendered":"Berlin &#038; Brandenburg: Zw\u00f6lfj\u00e4hrige bei rassistischem Angriff in Berlin verletzt"},"content":{"rendered":"<p>                    Berlin &amp; Brandenburg<br \/>\n                Zw\u00f6lfj\u00e4hrige bei rassistischem Angriff in Berlin verletzt<\/p>\n<p>\t\t\t\t              13.06.2025, 12:09 Uhr<\/p>\n<p><strong>Eine Frau soll drei Zw\u00f6lfj\u00e4hrige rassistisch beleidigt haben. Als die Kinder fliehen, folgt sie einem M\u00e4dchen aus der Gruppe und greift es an. Nun ermittelt der Polizeiliche Staatsschutz.<\/strong><\/p>\n<p>Berlin (dpa\/bb) &#8211; Eine Frau soll ein zw\u00f6lfj\u00e4hriges M\u00e4dchen in Berlin-Lichtenberg rassistisch beleidigt und angegriffen haben. Der Polizeiliche Staatsschutz ermittelt nun, wie die Polizei mitteilte. Demnach soll die bislang unbekannte T\u00e4terin drei Zw\u00f6lfj\u00e4hrige zun\u00e4chst auf einem Gehweg rassistisch beleidigt haben.\u00a0<\/p>\n<p>Ersten Erkenntnissen zufolge seien die Kinder nach dem Vorfall am Donnerstag weggerannt, hie\u00df es weiter. Die Frau soll demnach einem M\u00e4dchen aus der Gruppe bis in den Hausflur eines Mehrfamilienhauses gefolgt sein und es dort an den Armen gepackt haben.\u00a0<\/p>\n<p>Sie habe es &#8222;derart gesch\u00fcttelt&#8220;, dass es mit dem Hinterkopf mehrmals gegen die Wand gesto\u00dfen sei und sich verletzt habe, teilte die Polizei mit. Erst als ein Unbekannter eingeschritten sei, habe die Frau aufgeh\u00f6rt und sei gefl\u00fcchtet. Rettungskr\u00e4fte h\u00e4tten sich um das M\u00e4dchen vor Ort gek\u00fcmmert.<\/p>\n","protected":false},"excerpt":{"rendered":"Berlin &amp; Brandenburg Zw\u00f6lfj\u00e4hrige bei rassistischem Angriff in Berlin verletzt 13.06.2025, 12:09 Uhr Eine Frau soll drei Zw\u00f6lfj\u00e4hrige&hellip;\n","protected":false},"author":2,"featured_media":186889,"comment_status":"","ping_status":"","sticky":false,"template":"","format":"standard","meta":{"footnotes":""},"categories":[1816],"tags":[1960,1958,1959,1957,2140,296,1956,1890,29,30,62361],"class_list":{"0":"post-186888","1":"post","2":"type-post","3":"status-publish","4":"format-standard","5":"has-post-thumbnail","7":"category-brandenburg","8":"tag-aktuelle-nachrichten-aus-berlin-und-brandenburg","9":"tag-aktuelle-nachrichten-aus-brandenburg","10":"tag-aktuelle-news-aus-berlin-und-brandenburg","11":"tag-aktuelle-news-aus-brandenburg","12":"tag-angriff","13":"tag-berlin","14":"tag-berlin-und-brandenburg","15":"tag-brandenburg","16":"tag-deutschland","17":"tag-germany","18":"tag-zwoelfjaehrige"},"share_on_mastodon":{"url":"https:\/\/pubeurope.com\/@de\/114675556461400193","error":""},"_links":{"self":[{"href":"https:\/\/www.europesays.com\/de\/wp-json\/wp\/v2\/posts\/186888","targetHints":{"allow":["GET"]}}],"collection":[{"href":"https:\/\/www.europesays.com\/de\/wp-json\/wp\/v2\/posts"}],"about":[{"href":"https:\/\/www.europesays.com\/de\/wp-json\/wp\/v2\/types\/post"}],"author":[{"embeddable":true,"href":"https:\/\/www.europesays.com\/de\/wp-json\/wp\/v2\/users\/2"}],"replies":[{"embeddable":true,"href":"https:\/\/www.europesays.com\/de\/wp-json\/wp\/v2\/comments?post=186888"}],"version-history":[{"count":0,"href":"https:\/\/www.europesays.com\/de\/wp-json\/wp\/v2\/posts\/186888\/revisions"}],"wp:featuredmedia":[{"embeddable":true,"href":"https:\/\/www.europesays.com\/de\/wp-json\/wp\/v2\/media\/186889"}],"wp:attachment":[{"href":"https:\/\/www.europesays.com\/de\/wp-json\/wp\/v2\/media?parent=186888"}],"wp:term":[{"taxonomy":"category","embeddable":true,"href":"https:\/\/www.europesays.com\/de\/wp-json\/wp\/v2\/categories?post=186888"},{"taxonomy":"post_tag","embeddable":true,"href":"https:\/\/www.europesays.com\/de\/wp-json\/wp\/v2\/tags?post=186888"}],"curies":[{"name":"wp","href":"https:\/\/api.w.org\/{rel}","templated":true}]}}