{"id":186928,"date":"2025-06-13T10:43:14","date_gmt":"2025-06-13T10:43:14","guid":{"rendered":"https:\/\/www.europesays.com\/de\/186928\/"},"modified":"2025-06-13T10:43:14","modified_gmt":"2025-06-13T10:43:14","slug":"sachsen-die-besten-ausstellungen-in-dresden-leipzig-und-chemnitz","status":"publish","type":"post","link":"https:\/\/www.europesays.com\/de\/186928\/","title":{"rendered":"Sachsen: Die besten Ausstellungen \u2013 in Dresden, Leipzig und Chemnitz"},"content":{"rendered":"<p class=\"text\">\n&#8222;<strong>Silberglanz &amp; Kumpeltod&#8220;<\/strong><br \/>26. Oktober 2024 bis 29. Juni 2025<br \/><strong><br \/>Staatliches Museum f\u00fcr Arch\u00e4ologie Chemnitz<\/strong><br \/>Stefan-Heym-Platz 1, 09111 Chemnitz<\/p>\n<p><strong>\u00d6ffnungszeiten:<\/strong><br \/>Dienstag bis Sonntag und an Feiertagen: 10 bis 18 Uhr<br \/>donnerstags: 10 bis 20 Uhr<\/p>\n<p>Am Sonntag, 03.11.2024, \u00f6ffnet das smac wegen einer Veranstaltung erst um 11 Uhr.<\/p>\n<p><strong>Eintritt: <\/strong><br \/>8 Euro, erm\u00e4\u00dfigt 5 Euro, Kinder unter 17 Eintritt frei<\/p>\n<p><strong>Barrierefreiheit:<\/strong><br \/>Das smac ist barrierefrei zug\u00e4nglich. Zudem gibt es Angebote in Leichter Sprache, DGS, f\u00fcr H\u00f6r- und Sehgesch\u00e4digte. Assistenz- und Blindenhunde sind willkommen.<br \/>Ausf\u00fchrliche Informationen auf der <a href=\"https:\/\/www.smac.sachsen.de\/barrierefreiheit.html\" title=\"Barrierefreiheit im smac\" data-ctrl-link=\"{&#039;id&#039;: &#039;8f45d7e5-f5ad-4273-a248-beef40f46359&#039;,&#039;type&#039;:&#039;external&#039;,&#039;window&#039;:{&#039;type&#039;:&#039;empty&#039;,&#039;config&#039;:{&#039;title&#039;:&#039;Barrierefreiheit im smac&#039;,&#039;top&#039;:&#039;0&#039;,&#039;left&#039;:&#039;0&#039;,&#039;width&#039;:&#039;0&#039;,&#039;height&#039;:&#039;0&#039;,&#039;status&#039;:&#039;0&#039;,&#039;menubar&#039;:&#039;0&#039;,&#039;location&#039;:&#039;0&#039;,&#039;scroll&#039;:&#039;0&#039;,&#039;toolbar&#039;:&#039;0&#039;,&#039;resizable&#039;:&#039;0&#039;}}}\" rel=\"nofollow noopener\" target=\"_blank\">Website<\/a>.<\/p>\n","protected":false},"excerpt":{"rendered":"&#8222;Silberglanz &amp; Kumpeltod&#8220;26. Oktober 2024 bis 29. Juni 2025Staatliches Museum f\u00fcr Arch\u00e4ologie ChemnitzStefan-Heym-Platz 1, 09111 Chemnitz \u00d6ffnungszeiten:Dienstag bis&hellip;\n","protected":false},"author":2,"featured_media":85913,"comment_status":"","ping_status":"","sticky":false,"template":"","format":"standard","meta":{"footnotes":"","_share_on_mastodon":"0"},"categories":[1851],"tags":[18941,18942,18951,86,2076,18944,96,2770,3364,29,2386,89,548,663,3934,98,92,30,14373,18950,13,18948,99,18945,18946,95,87,88,91,8824,80,84,18947,18943,90,71,100,101,93,11819,81,85,82,2264,14,15,97,83,18952,859,12,18949,13206,18953,94],"class_list":["post-186928","post","type-post","status-publish","format-standard","has-post-thumbnail","category-chemnitz","tag-aktuelle-ausstellungen-sachsen","tag-andreas-rost","tag-annette-schroeter","tag-artour","tag-ausstellung","tag-baumwollspinnerei","tag-buehne","tag-chemnitz","tag-de","tag-deutschland","tag-dresden","tag-erlebnis-musik","tag-eu","tag-europa","tag-europe","tag-feature","tag-film","tag-germany","tag-goerlitz","tag-gudrun-petersdorff","tag-headlines","tag-hinter-den-toren","tag-hoerspiele","tag-hygienemuseum","tag-hypovereinsbank","tag-kino","tag-kino-royal","tag-kinoroyal","tag-klassik","tag-kleingarten","tag-kultur","tag-kulturfernsehen","tag-kunstraum","tag-kunstsammlungen","tag-lebenslaeufe","tag-leipzig","tag-lesezeit","tag-lesung","tag-literatur","tag-mdbk","tag-mdr","tag-mdr-figaro","tag-mdr-kultur","tag-museum","tag-nachrichten","tag-news","tag-oper","tag-radio","tag-robotron","tag-sachsen","tag-schlagzeilen","tag-schrebergarten","tag-techno","tag-techno-worlds","tag-theater"],"share_on_mastodon":{"url":"","error":"Validation failed: Text character limit of 500 exceeded"},"_links":{"self":[{"href":"https:\/\/www.europesays.com\/de\/wp-json\/wp\/v2\/posts\/186928","targetHints":{"allow":["GET"]}}],"collection":[{"href":"https:\/\/www.europesays.com\/de\/wp-json\/wp\/v2\/posts"}],"about":[{"href":"https:\/\/www.europesays.com\/de\/wp-json\/wp\/v2\/types\/post"}],"author":[{"embeddable":true,"href":"https:\/\/www.europesays.com\/de\/wp-json\/wp\/v2\/users\/2"}],"replies":[{"embeddable":true,"href":"https:\/\/www.europesays.com\/de\/wp-json\/wp\/v2\/comments?post=186928"}],"version-history":[{"count":0,"href":"https:\/\/www.europesays.com\/de\/wp-json\/wp\/v2\/posts\/186928\/revisions"}],"wp:featuredmedia":[{"embeddable":true,"href":"https:\/\/www.europesays.com\/de\/wp-json\/wp\/v2\/media\/85913"}],"wp:attachment":[{"href":"https:\/\/www.europesays.com\/de\/wp-json\/wp\/v2\/media?parent=186928"}],"wp:term":[{"taxonomy":"category","embeddable":true,"href":"https:\/\/www.europesays.com\/de\/wp-json\/wp\/v2\/categories?post=186928"},{"taxonomy":"post_tag","embeddable":true,"href":"https:\/\/www.europesays.com\/de\/wp-json\/wp\/v2\/tags?post=186928"}],"curies":[{"name":"wp","href":"https:\/\/api.w.org\/{rel}","templated":true}]}}