{"id":187127,"date":"2025-06-13T12:34:11","date_gmt":"2025-06-13T12:34:11","guid":{"rendered":"https:\/\/www.europesays.com\/de\/187127\/"},"modified":"2025-06-13T12:34:11","modified_gmt":"2025-06-13T12:34:11","slug":"duisburg-frau-auf-parkplatz-mit-waffe-bedroht-regional","status":"publish","type":"post","link":"https:\/\/www.europesays.com\/de\/187127\/","title":{"rendered":"Duisburg: Frau auf Parkplatz mit Waffe bedroht | Regional"},"content":{"rendered":"<p>Duisburg \u2013 <b>Zwei unbekannte M\u00e4nner haben in der Nacht zu Freitag eine 32-j\u00e4hrige Frau auf einem Parkplatz an der M\u00fclheimer Stra\u00dfe unter Vorhalt einer Schusswaffe bedroht.<\/b><\/p>\n<p>Die Frau stieg in ein schwarzes Auto, das sich dann in Bewegung setzte. W\u00e4hrend der Fahrt nach Oberhausen wurde sie von einem der M\u00e4nner mit einer Waffe bedroht. Die T\u00e4ter forderten Bargeld, setzten die Frau aus und flohen.<\/p>\n<p>Die Beschreibung der M\u00e4nner: Einer ist etwa 1,85 Meter gro\u00df, Anfang drei\u00dfig und hat schwarze Haare. Der andere hat blonde Haare und ist Mitte drei\u00dfig.<\/p>\n<p>Das Kriminalkommissariat 13 ermittelt und sucht Zeugen. Wer Hinweise zu den T\u00e4tern oder dem schwarzen SUV geben kann, meldet sich bitte unter der Rufnummer 0203 2800.<\/p>\n<p>Dieser Text basiert auf einer offiziellen Beh\u00f6rden-Information und wurde mit Hilfe von KI erstellt.<\/p>\n","protected":false},"excerpt":{"rendered":"Duisburg \u2013 Zwei unbekannte M\u00e4nner haben in der Nacht zu Freitag eine 32-j\u00e4hrige Frau auf einem Parkplatz an&hellip;\n","protected":false},"author":2,"featured_media":156935,"comment_status":"","ping_status":"","sticky":false,"template":"","format":"standard","meta":{"footnotes":""},"categories":[1838],"tags":[3364,29,1686,3715,30,1000,2509,1209,121,45,1995],"class_list":{"0":"post-187127","1":"post","2":"type-post","3":"status-publish","4":"format-standard","5":"has-post-thumbnail","7":"category-duisburg","8":"tag-de","9":"tag-deutschland","10":"tag-diebstahl","11":"tag-duisburg","12":"tag-germany","13":"tag-gewalt","14":"tag-ki-ots","15":"tag-nordrhein-westfalen","16":"tag-polizei","17":"tag-texttospeech","18":"tag-verbrechen"},"share_on_mastodon":{"url":"https:\/\/pubeurope.com\/@de\/114676083227593935","error":""},"_links":{"self":[{"href":"https:\/\/www.europesays.com\/de\/wp-json\/wp\/v2\/posts\/187127","targetHints":{"allow":["GET"]}}],"collection":[{"href":"https:\/\/www.europesays.com\/de\/wp-json\/wp\/v2\/posts"}],"about":[{"href":"https:\/\/www.europesays.com\/de\/wp-json\/wp\/v2\/types\/post"}],"author":[{"embeddable":true,"href":"https:\/\/www.europesays.com\/de\/wp-json\/wp\/v2\/users\/2"}],"replies":[{"embeddable":true,"href":"https:\/\/www.europesays.com\/de\/wp-json\/wp\/v2\/comments?post=187127"}],"version-history":[{"count":0,"href":"https:\/\/www.europesays.com\/de\/wp-json\/wp\/v2\/posts\/187127\/revisions"}],"wp:featuredmedia":[{"embeddable":true,"href":"https:\/\/www.europesays.com\/de\/wp-json\/wp\/v2\/media\/156935"}],"wp:attachment":[{"href":"https:\/\/www.europesays.com\/de\/wp-json\/wp\/v2\/media?parent=187127"}],"wp:term":[{"taxonomy":"category","embeddable":true,"href":"https:\/\/www.europesays.com\/de\/wp-json\/wp\/v2\/categories?post=187127"},{"taxonomy":"post_tag","embeddable":true,"href":"https:\/\/www.europesays.com\/de\/wp-json\/wp\/v2\/tags?post=187127"}],"curies":[{"name":"wp","href":"https:\/\/api.w.org\/{rel}","templated":true}]}}