{"id":187187,"date":"2025-06-13T13:07:09","date_gmt":"2025-06-13T13:07:09","guid":{"rendered":"https:\/\/www.europesays.com\/de\/187187\/"},"modified":"2025-06-13T13:07:09","modified_gmt":"2025-06-13T13:07:09","slug":"13-berlin-biennale-wildtiere-humor-und-politischer-widerstand-kultur","status":"publish","type":"post","link":"https:\/\/www.europesays.com\/de\/187187\/","title":{"rendered":"13. Berlin Biennale: Wildtiere, Humor und politischer Widerstand &#8211; Kultur"},"content":{"rendered":"<p data-manual=\"paragraph\" data-schema-org-speakable=\"true\" class=\"css-4bdi0k\">Kann schon sein, dass der Fuchs inzwischen ein passenderes Wappentier f\u00fcr <a href=\"https:\/\/www.sueddeutsche.de\/thema\/Berlin\" target=\"_blank\" rel=\"noopener\">Berlin<\/a> abg\u00e4be als der B\u00e4r. Seit der B\u00e4renzwinger am M\u00e4rkischen Museum abgeschafft wurde, sieht man auch hier nur noch welche im Zoo. F\u00fcchse dagegen sieht man \u00fcberall, noch mehr als Wildschweine, nicht zuletzt rund um den Alexanderplatz. Die Berlin <a href=\"https:\/\/www.sueddeutsche.de\/thema\/Biennale\" target=\"_blank\" rel=\"noopener\">Biennale<\/a> f\u00fcr zeitgen\u00f6ssische <a href=\"https:\/\/www.sueddeutsche.de\/thema\/Kunst\" target=\"_blank\" rel=\"noopener\">Kunst<\/a> hat den Fuchs jedenfalls jetzt schon einmal zum Wappentier ihrer neuesten Ausgabe gemacht. Sie will aus dem renitenten Treiben der Wildtiere in der Gro\u00dfstadt ein Prinzip herauslesen, das sich mit dem Vorgehen von K\u00fcnstlern in Beziehung setzen l\u00e4sst.<\/p>\n","protected":false},"excerpt":{"rendered":"Kann schon sein, dass der Fuchs inzwischen ein passenderes Wappentier f\u00fcr Berlin abg\u00e4be als der B\u00e4r. Seit der&hellip;\n","protected":false},"author":2,"featured_media":187188,"comment_status":"","ping_status":"","sticky":false,"template":"","format":"standard","meta":{"footnotes":""},"categories":[1825],"tags":[1624,147,296,28031,29,30,80,2075,24,3917,149],"class_list":{"0":"post-187187","1":"post","2":"type-post","3":"status-publish","4":"format-standard","5":"has-post-thumbnail","7":"category-berlin","8":"tag-asien","9":"tag-ausland","10":"tag-berlin","11":"tag-biennale","12":"tag-deutschland","13":"tag-germany","14":"tag-kultur","15":"tag-kunst","16":"tag-myanmar","17":"tag-polen","18":"tag-sueddeutsche-zeitung"},"share_on_mastodon":{"url":"https:\/\/pubeurope.com\/@de\/114676213092017028","error":""},"_links":{"self":[{"href":"https:\/\/www.europesays.com\/de\/wp-json\/wp\/v2\/posts\/187187","targetHints":{"allow":["GET"]}}],"collection":[{"href":"https:\/\/www.europesays.com\/de\/wp-json\/wp\/v2\/posts"}],"about":[{"href":"https:\/\/www.europesays.com\/de\/wp-json\/wp\/v2\/types\/post"}],"author":[{"embeddable":true,"href":"https:\/\/www.europesays.com\/de\/wp-json\/wp\/v2\/users\/2"}],"replies":[{"embeddable":true,"href":"https:\/\/www.europesays.com\/de\/wp-json\/wp\/v2\/comments?post=187187"}],"version-history":[{"count":0,"href":"https:\/\/www.europesays.com\/de\/wp-json\/wp\/v2\/posts\/187187\/revisions"}],"wp:featuredmedia":[{"embeddable":true,"href":"https:\/\/www.europesays.com\/de\/wp-json\/wp\/v2\/media\/187188"}],"wp:attachment":[{"href":"https:\/\/www.europesays.com\/de\/wp-json\/wp\/v2\/media?parent=187187"}],"wp:term":[{"taxonomy":"category","embeddable":true,"href":"https:\/\/www.europesays.com\/de\/wp-json\/wp\/v2\/categories?post=187187"},{"taxonomy":"post_tag","embeddable":true,"href":"https:\/\/www.europesays.com\/de\/wp-json\/wp\/v2\/tags?post=187187"}],"curies":[{"name":"wp","href":"https:\/\/api.w.org\/{rel}","templated":true}]}}