{"id":187310,"date":"2025-06-13T14:16:12","date_gmt":"2025-06-13T14:16:12","guid":{"rendered":"https:\/\/www.europesays.com\/de\/187310\/"},"modified":"2025-06-13T14:16:12","modified_gmt":"2025-06-13T14:16:12","slug":"paar-soll-sex-auf-dem-stuttgarter-schlossplatz-gehabt-haben-baden-wuerttemberg","status":"publish","type":"post","link":"https:\/\/www.europesays.com\/de\/187310\/","title":{"rendered":"Paar soll Sex auf dem Stuttgarter Schlossplatz gehabt haben &#8211; Baden-W\u00fcrttemberg"},"content":{"rendered":"<p>Mitten am Tag soll sich ein Paar auf dem zentralen Stuttgarter Schlossplatz vor den Augen von Kindern miteinander vergn\u00fcgt haben. Die beiden \u2013 eine 40-j\u00e4hrige Frau und ein zwei Jahre \u00e4lterer Mann \u2013 seien am fr\u00fchen Donnerstagnachmittag unweit des Herzog-Christoph-Denkmals auf dem Rasen intim geworden, teilte die Polizei mit. Zeugen h\u00e4tten daraufhin die Polizei alarmiert. Das Paar wurde daraufhin vorl\u00e4ufig festgenommen, kam sp\u00e4ter jedoch wieder auf freien Fu\u00df.<\/p>\n<p>\u00a9 dpa-infocom, dpa:250613-930-666506\/1<\/p>\n<p>ThemenBaden-W\u00fcrttembergBaden-W\u00fcrttemberg<\/p>\n","protected":false},"excerpt":{"rendered":"Mitten am Tag soll sich ein Paar auf dem zentralen Stuttgarter Schlossplatz vor den Augen von Kindern miteinander&hellip;\n","protected":false},"author":2,"featured_media":187311,"comment_status":"","ping_status":"","sticky":false,"template":"","format":"standard","meta":{"footnotes":""},"categories":[1830],"tags":[1634,3364,29,41076,30,4823,1441,7490],"class_list":{"0":"post-187310","1":"post","2":"type-post","3":"status-publish","4":"format-standard","5":"has-post-thumbnail","7":"category-stuttgart","8":"tag-baden-wuerttemberg","9":"tag-de","10":"tag-deutschland","11":"tag-divertme","12":"tag-germany","13":"tag-meldung","14":"tag-stuttgart","15":"tag-vermischtes"},"share_on_mastodon":{"url":"https:\/\/pubeurope.com\/@de\/114676484272313103","error":""},"_links":{"self":[{"href":"https:\/\/www.europesays.com\/de\/wp-json\/wp\/v2\/posts\/187310","targetHints":{"allow":["GET"]}}],"collection":[{"href":"https:\/\/www.europesays.com\/de\/wp-json\/wp\/v2\/posts"}],"about":[{"href":"https:\/\/www.europesays.com\/de\/wp-json\/wp\/v2\/types\/post"}],"author":[{"embeddable":true,"href":"https:\/\/www.europesays.com\/de\/wp-json\/wp\/v2\/users\/2"}],"replies":[{"embeddable":true,"href":"https:\/\/www.europesays.com\/de\/wp-json\/wp\/v2\/comments?post=187310"}],"version-history":[{"count":0,"href":"https:\/\/www.europesays.com\/de\/wp-json\/wp\/v2\/posts\/187310\/revisions"}],"wp:featuredmedia":[{"embeddable":true,"href":"https:\/\/www.europesays.com\/de\/wp-json\/wp\/v2\/media\/187311"}],"wp:attachment":[{"href":"https:\/\/www.europesays.com\/de\/wp-json\/wp\/v2\/media?parent=187310"}],"wp:term":[{"taxonomy":"category","embeddable":true,"href":"https:\/\/www.europesays.com\/de\/wp-json\/wp\/v2\/categories?post=187310"},{"taxonomy":"post_tag","embeddable":true,"href":"https:\/\/www.europesays.com\/de\/wp-json\/wp\/v2\/tags?post=187310"}],"curies":[{"name":"wp","href":"https:\/\/api.w.org\/{rel}","templated":true}]}}