{"id":187318,"date":"2025-06-13T14:20:12","date_gmt":"2025-06-13T14:20:12","guid":{"rendered":"https:\/\/www.europesays.com\/de\/187318\/"},"modified":"2025-06-13T14:20:12","modified_gmt":"2025-06-13T14:20:12","slug":"koeln-unter-acht-nominierten-spielorten","status":"publish","type":"post","link":"https:\/\/www.europesays.com\/de\/187318\/","title":{"rendered":"K\u00f6ln unter acht nominierten Spielorten"},"content":{"rendered":"<p>Acht St\u00e4dte ausgew\u00e4hlt <\/p>\n<p>K\u00f6ln als m\u00f6glicher Spielort f\u00fcr Frauenfu\u00dfball-EM nominiert<\/p>\n<p>13.06.2025 &#8211; 16:06 UhrLesedauer: 2 Min.<\/p>\n<p><a href=\"#focus-0\" class=\"transition-colors duration-200 focus-within:text-magenta block text-current relative\" data-sctrack=\"FocusGalleryImage.Reference\"><img fetchpriority=\"high\" data-testid=\"Opener.Image\" style=\"--lqipURL:url('https:\/\/images.t-online.de\/2024\/07\/ZQAmZkRNFS1a\/0x156:3000x1688\/fit-in\/150x0\/filters:blur(25)\/training-dfb-frauen-fussball-nationalmannschaft-20-072024-laura-freigang-deutsche-frauen-nationalmannschaft-martina-hegering-deutsche-frauen-nationalmannschaft-sara-doorsoun-deutsche-frauen-nationalmannschaft-pia-sophie-wolter-deutsche-frauen-nationalmannschaft-nicole-anyomi-deutsche-frauen-nationalmannschaft-giulia-gwinn-deutsche-frauen-nationalmannschaft-training-deutsche-frauenfussball-nationalmannschaft-frankfurt-am-main-dfb-campus-20-72024-training-dfb-womens-national-s.jpg')\"   loading=\"eager\" src=\"https:\/\/www.europesays.com\/de\/wp-content\/uploads\/2025\/06\/training-dfb-frauen-fussball-nationalmannschaft-20-072024-laura-freigang-deutsche-frauen-nationalman.jpeg\" alt=\"imago images 1047588364\" title=\"imago images 1047588364\" width=\"3000\" height=\"1688\" class=\"bg-[url:var(--lqipURL)] bg-cover bg-center flex w-full max-w-full h-full\" decoding=\"async\"\/><img style=\"--width:32;--height:32\" loading=\"lazy\" src=\"https:\/\/www.t-online.de\/s\/paper\/_next\/static\/media\/zoom-in.f7dae02f.svg\" alt=\"Vergr\u00f6\u00dfern des Bildes\" title=\"Vergr\u00f6\u00dfern des Bildes\" class=\"&#10;        block&#10;        h-[calc(var(--height)_\/_16_*_1rem)]&#10;        w-[calc(var(--width)_\/_16_*_1rem)]&#10;        max-w-none&#10;        absolute bottom-8 right-8 rounded-4 bg-snow p-8\" decoding=\"async\"\/><\/a><\/p>\n<p>Training der Frauenfu\u00dfball-Nationalmannschaft im Jahr 2024 (Archivbild): Kommt die EM nach K\u00f6ln? (Quelle: IMAGO\/BEAUTIFUL SPORTS\/Gawlik\/imago)<\/p>\n<p class=\"font-bold text-18 leading-17\"><strong class=\"font-bold\">K\u00f6ln will wieder Gastgeber werden: Der DFB hat die Stadt als m\u00f6glichen Spielort f\u00fcr die Frauenfu\u00dfball-EM 2029 nominiert. Jetzt entscheidet die UEFA.<\/strong><\/p>\n<p class=\"text-18 leading-17\"><a class=\"transition-colors duration-200 cursor-pointer text-inherit no-underline text-salemsfur md:hover:text-magenta md:hover:border-magenta md:focus:text-magenta border-current border-b border-solid break-words\" href=\"https:\/\/www.t-online.de\/region\/koeln\/\" data-sctrack=\"BodyAnchor\" target=\"_blank\" rel=\"noopener\">K\u00f6ln<\/a> k\u00f6nnte 2029 erneut Schauplatz eines gro\u00dfen Fu\u00dfballturniers werden: Der Deutsche Fu\u00dfball-Bund (DFB) hat die Stadt als einen von acht Spielorten f\u00fcr die Bewerbung um die Frauen-Europameisterschaft 2029 ausgew\u00e4hlt.<\/p>\n<p class=\"text-18 leading-17\">K\u00f6lns Oberb\u00fcrgermeisterin <a class=\"transition-colors duration-200 cursor-pointer text-inherit no-underline text-salemsfur md:hover:text-magenta md:hover:border-magenta md:focus:text-magenta border-current border-b border-solid break-words\" href=\"https:\/\/www.t-online.de\/themen\/henriette-reker\/\" data-sctrack=\"BodyAnchor\" target=\"_blank\" rel=\"noopener\">Henriette Reker<\/a> begr\u00fc\u00dft die Entscheidung des <a class=\"transition-colors duration-200 cursor-pointer text-inherit no-underline text-salemsfur md:hover:text-magenta md:hover:border-magenta md:focus:text-magenta border-current border-b border-solid break-words\" href=\"https:\/\/www.t-online.de\/themen\/dfb\/\" data-sctrack=\"BodyAnchor\" target=\"_blank\" rel=\"noopener\">DFB<\/a> und sagt:<br \/>&#8222;Die Auswahl best\u00e4tigt K\u00f6lns Rolle als deutsche Hauptstadt des Frauenfu\u00dfballs. Seit 2010 richten wir erfolgreich das DFB-Pokalfinale der Frauen in M\u00fcngersdorf aus und bieten den Spielerinnen die B\u00fchne, die ihnen zusteht.&#8220; Wie zuletzt bei der Europameisterschaft 2024 der M\u00e4nner werde K\u00f6ln auch diesmal wieder f\u00fcr eine besondere Atmosph\u00e4re sorgen.<\/p>\n<p class=\"text-18 leading-17\">Au\u00dfer K\u00f6ln geh\u00f6ren <a class=\"transition-colors duration-200 cursor-pointer text-inherit no-underline text-salemsfur md:hover:text-magenta md:hover:border-magenta md:focus:text-magenta border-current border-b border-solid break-words\" href=\"https:\/\/www.t-online.de\/region\/dortmund\/\" data-sctrack=\"BodyAnchor\" target=\"_blank\" rel=\"noopener\">Dortmund<\/a>, <a rel=\"nofollow noopener\" target=\"_blank\" class=\"transition-colors duration-200 cursor-pointer text-inherit no-underline text-salemsfur md:hover:text-magenta md:hover:border-magenta md:focus:text-magenta border-current border-b border-solid break-words\" href=\"https:\/\/muenchen.t-online.de\/region\/muenchen\/\" data-sctrack=\"BodyAnchor\">M\u00fcnchen<\/a>, <a class=\"transition-colors duration-200 cursor-pointer text-inherit no-underline text-salemsfur md:hover:text-magenta md:hover:border-magenta md:focus:text-magenta border-current border-b border-solid break-words\" href=\"https:\/\/www.t-online.de\/region\/duesseldorf\/\" data-sctrack=\"BodyAnchor\" target=\"_blank\" rel=\"noopener\">D\u00fcsseldorf<\/a>, <a rel=\"nofollow noopener\" target=\"_blank\" class=\"transition-colors duration-200 cursor-pointer text-inherit no-underline text-salemsfur md:hover:text-magenta md:hover:border-magenta md:focus:text-magenta border-current border-b border-solid break-words\" href=\"https:\/\/frankfurt.t-online.de\/region\/frankfurt-am-main\/\" data-sctrack=\"BodyAnchor\">Frankfurt<\/a>, Hannover, Leipzig und <a class=\"transition-colors duration-200 cursor-pointer text-inherit no-underline text-salemsfur md:hover:text-magenta md:hover:border-magenta md:focus:text-magenta border-current border-b border-solid break-words\" href=\"https:\/\/www.t-online.de\/themen\/wolfsburg\/\" data-sctrack=\"BodyAnchor\" target=\"_blank\" rel=\"noopener\">Wolfsburg<\/a> zum deutschen Bewerbungskonzept. F\u00fcr die Bewerbung waren neben den infrastrukturellen Anforderungen auch Konzepte zur F\u00f6rderung des Frauenfu\u00dfballs, zur Vielfalt, Nachhaltigkeit sowie ein Motivationsschreiben gefragt.<\/p>\n<p class=\"text-18 leading-17\">Christos Katzidis, Pr\u00e4sident des Fu\u00dfball-Verbands Mittelrhein (FVM), unterstreicht die Bedeutung des Turniers f\u00fcr den Nachwuchs. Es solle insbesondere im M\u00e4dchenfu\u00dfball ein neuer Boom ausgel\u00f6st werden. Er sagt: &#8222;Ein zentrales Ziel ist, dass bis 2029 jedes M\u00e4dchen an einer K\u00f6lner Grundschule im offenen Ganztag mindestens einmal pro Woche Fu\u00dfball spielen kann. Damit setzen wir gemeinsam mit der Stadt K\u00f6ln ein nachhaltiges und ambitioniertes F\u00f6rderprojekt um.&#8220;<\/p>\n<p class=\"text-18 leading-17\">Am 27. August wird der DFB seine vollst\u00e4ndigen Bewerbungsunterlagen bei der UEFA einreichen. Die Entscheidung \u00fcber die Vergabe des Turniers f\u00e4llt voraussichtlich im Dezember 2025. Neben Deutschland haben sich auch die Bewerbergemeinschaft Schweden\/D\u00e4nemark sowie <a class=\"transition-colors duration-200 cursor-pointer text-inherit no-underline text-salemsfur md:hover:text-magenta md:hover:border-magenta md:focus:text-magenta border-current border-b border-solid break-words\" href=\"https:\/\/www.t-online.de\/themen\/polen\/\" data-sctrack=\"BodyAnchor\" target=\"_blank\" rel=\"noopener\">Polen<\/a> und <a class=\"transition-colors duration-200 cursor-pointer text-inherit no-underline text-salemsfur md:hover:text-magenta md:hover:border-magenta md:focus:text-magenta border-current border-b border-solid break-words\" href=\"https:\/\/www.t-online.de\/themen\/portugal\/\" data-sctrack=\"BodyAnchor\" target=\"_blank\" rel=\"noopener\">Portugal<\/a> um die Austragung beworben.<\/p>\n","protected":false},"excerpt":{"rendered":"Acht St\u00e4dte ausgew\u00e4hlt K\u00f6ln als m\u00f6glicher Spielort f\u00fcr Frauenfu\u00dfball-EM nominiert 13.06.2025 &#8211; 16:06 UhrLesedauer: 2 Min. Training der&hellip;\n","protected":false},"author":2,"featured_media":187319,"comment_status":"","ping_status":"","sticky":false,"template":"","format":"standard","meta":{"footnotes":""},"categories":[1828],"tags":[3476,29,481,2364,3173,52595,62470,30,2659,1420,46183,1209,54062],"class_list":{"0":"post-187318","1":"post","2":"type-post","3":"status-publish","4":"format-standard","5":"has-post-thumbnail","7":"category-koeln","8":"tag-deutscher-fussball-bund","9":"tag-deutschland","10":"tag-dfb","11":"tag-dfb-pokalfinale","12":"tag-frauenfussball","13":"tag-fussball-europameisterschaft","14":"tag-fussball-europameisterschaft-der-frauen","15":"tag-germany","16":"tag-henriette-reker","17":"tag-koeln","18":"tag-muengersdorf","19":"tag-nordrhein-westfalen","20":"tag-spielort"},"share_on_mastodon":{"url":"https:\/\/pubeurope.com\/@de\/114676500061021718","error":""},"_links":{"self":[{"href":"https:\/\/www.europesays.com\/de\/wp-json\/wp\/v2\/posts\/187318","targetHints":{"allow":["GET"]}}],"collection":[{"href":"https:\/\/www.europesays.com\/de\/wp-json\/wp\/v2\/posts"}],"about":[{"href":"https:\/\/www.europesays.com\/de\/wp-json\/wp\/v2\/types\/post"}],"author":[{"embeddable":true,"href":"https:\/\/www.europesays.com\/de\/wp-json\/wp\/v2\/users\/2"}],"replies":[{"embeddable":true,"href":"https:\/\/www.europesays.com\/de\/wp-json\/wp\/v2\/comments?post=187318"}],"version-history":[{"count":0,"href":"https:\/\/www.europesays.com\/de\/wp-json\/wp\/v2\/posts\/187318\/revisions"}],"wp:featuredmedia":[{"embeddable":true,"href":"https:\/\/www.europesays.com\/de\/wp-json\/wp\/v2\/media\/187319"}],"wp:attachment":[{"href":"https:\/\/www.europesays.com\/de\/wp-json\/wp\/v2\/media?parent=187318"}],"wp:term":[{"taxonomy":"category","embeddable":true,"href":"https:\/\/www.europesays.com\/de\/wp-json\/wp\/v2\/categories?post=187318"},{"taxonomy":"post_tag","embeddable":true,"href":"https:\/\/www.europesays.com\/de\/wp-json\/wp\/v2\/tags?post=187318"}],"curies":[{"name":"wp","href":"https:\/\/api.w.org\/{rel}","templated":true}]}}