{"id":187326,"date":"2025-06-13T14:24:11","date_gmt":"2025-06-13T14:24:11","guid":{"rendered":"https:\/\/www.europesays.com\/de\/187326\/"},"modified":"2025-06-13T14:24:11","modified_gmt":"2025-06-13T14:24:11","slug":"juedische-filmtage-hamburg-wollen-vorurteile-ueberwinden","status":"publish","type":"post","link":"https:\/\/www.europesays.com\/de\/187326\/","title":{"rendered":"J\u00fcdische Filmtage Hamburg wollen Vorurteile \u00fcberwinden"},"content":{"rendered":"<p>&#13;<br \/>\n            Hamburg. Die J\u00fcdischen Filmtage Hamburg wollen vom 15. bis 19. Juni Einblicke in verschiedene j\u00fcdische Lebenswelten geben. \u201eDie J\u00fcdischen Filmtage schaffen R\u00e4ume f\u00fcr Begegnung und Verst\u00e4ndigung &#8211; das Kino wird so zu einem Ort des Dialogs \u2013 offen und verbindend\u201c, sagte Elisabeth Friedler, Kulturreferentin der J\u00fcdischen Gemeinde in Hamburg. Die gezeigten Filme regten dazu an, Stereotype zu hinterfragen und Vorurteile zu \u00fcberwinden. <\/p>\n<p>Lesen Sie auch<\/p>\n<p>  &#13;<\/p>\n<p>          &#13;<br \/>\n            <a href=\"https:\/\/www.tageblatt.de\/Lokales\/Gruenendeich-Skelett-einer-jungen-Frau-in-der-Seefahrtschule-entdeckt-665641.html\" target=\"_blank\" rel=\"noopener\">&#13;<br \/>\n              <img decoding=\"async\" class=\"img-responsive\"   src=\"https:\/\/www.europesays.com\/de\/wp-content\/uploads\/2025\/06\/Auf-dem-Dachboden-der-Alten-Seefahrtschule-entdeckt-Dr-1069640m.jpg\" loading=\"lazy\" title=\"Gr\u00fcnendeich: Skelett einer jungen Frau in der Seefahrtschule entdeckt\" alt=\"Auf dem Dachboden der Alten Seefahrtschule entdeckt: Dr. Sebastian Ipach bettet das Skelett einer jungen Frau aus dem 19. Jahrhundert im Ausstellungsraum des Hauses der Maritimen Landschaft in einen Karton.\"\/>&#13;<br \/>\n            <\/a>&#13;<\/p>\n<p>    &#13;<\/p>\n<p>  &#13;<\/p>\n<p>          &#13;<br \/>\n            <a href=\"https:\/\/www.tageblatt.de\/Nachrichten\/Neues-Gedenkzeichen-fuer-Sinti-und-Roma-in-Hamburg-eingeweiht-659977.html\" target=\"_blank\" rel=\"noopener\">&#13;<br \/>\n              <img decoding=\"async\" class=\"img-responsive\"   src=\"https:\/\/www.europesays.com\/de\/wp-content\/uploads\/2025\/06\/Das-neue-Denkmal-ergaenzt-den-bestehenden-Gedenkort-1052350m.jpg\" loading=\"lazy\" title=\"Neues Gedenkzeichen f\u00fcr Sinti und Roma in Hamburg eingeweiht\" alt=\"Das neue Denkmal erg\u00e4nzt den bestehenden Gedenkort Hannoverscher Bahnhof, der seit 2017 an die Deportationen von Juden, Sinti und Roma erinnert.\"\/>&#13;<br \/>\n            <\/a>&#13;<\/p>\n<p>    &#13;<\/p>\n<p>In vier Hamburger Kinos, den Zeise-Kinohallen, dem Abaton-Kino, dem Metropolis und dem Passage-Kino, werden internationale Filme gezeigt, die thematisch breit gef\u00e4chert sind &#8211; unter anderem geht es auch um die Verkuppelung j\u00fcdischer Paare. Der Er\u00f6ffnungsfilm \u201eGuns &amp; Moses\u201c, der am Sonntagabend im Zeise-Kino gezeigt wird, ist ein US-Thriller \u00fcber einen Rabbiner, der zum Action-Held wird.  <\/p>\n<p>Alle Filme w\u00fcrden in Originalsprache mit Untertiteln ausgestrahlt, \u201eweil Sprache ein wesentlicher Tr\u00e4ger von Kultur, Identit\u00e4t und Atmosph\u00e4re ist\u201c. Sie vermittele Nuancen und Emotionen, die in \u00dcbersetzungen oft verloren gingen. So entstehe ein vielschichtiges und unmittelbares Bild j\u00fcdischer Erfahrungen \u2013 historisch wie gegenw\u00e4rtig, pers\u00f6nlich wie gesellschaftlich. <\/p>\n<p>Zu m\u00f6glichen Sicherheitsvorkehrungen bei den j\u00fcdischen Filmtagen sagte die Polizei: \u201eWir passen das Sicherheitskonzept der Lage an. Das wird laufend \u00fcberpr\u00fcft. Details dazu nennen wir nicht.\u201c <\/p>\n","protected":false},"excerpt":{"rendered":"&#13; Hamburg. Die J\u00fcdischen Filmtage Hamburg wollen vom 15. bis 19. Juni Einblicke in verschiedene j\u00fcdische Lebenswelten geben.&hellip;\n","protected":false},"author":2,"featured_media":187327,"comment_status":"","ping_status":"","sticky":false,"template":"","format":"standard","meta":{"footnotes":""},"categories":[1826],"tags":[29,92,30,692,2119,575],"class_list":{"0":"post-187326","1":"post","2":"type-post","3":"status-publish","4":"format-standard","5":"has-post-thumbnail","7":"category-hamburg","8":"tag-deutschland","9":"tag-film","10":"tag-germany","11":"tag-hamburg","12":"tag-judentum","13":"tag-religion"},"share_on_mastodon":{"url":"https:\/\/pubeurope.com\/@de\/114676515768901884","error":""},"_links":{"self":[{"href":"https:\/\/www.europesays.com\/de\/wp-json\/wp\/v2\/posts\/187326","targetHints":{"allow":["GET"]}}],"collection":[{"href":"https:\/\/www.europesays.com\/de\/wp-json\/wp\/v2\/posts"}],"about":[{"href":"https:\/\/www.europesays.com\/de\/wp-json\/wp\/v2\/types\/post"}],"author":[{"embeddable":true,"href":"https:\/\/www.europesays.com\/de\/wp-json\/wp\/v2\/users\/2"}],"replies":[{"embeddable":true,"href":"https:\/\/www.europesays.com\/de\/wp-json\/wp\/v2\/comments?post=187326"}],"version-history":[{"count":0,"href":"https:\/\/www.europesays.com\/de\/wp-json\/wp\/v2\/posts\/187326\/revisions"}],"wp:featuredmedia":[{"embeddable":true,"href":"https:\/\/www.europesays.com\/de\/wp-json\/wp\/v2\/media\/187327"}],"wp:attachment":[{"href":"https:\/\/www.europesays.com\/de\/wp-json\/wp\/v2\/media?parent=187326"}],"wp:term":[{"taxonomy":"category","embeddable":true,"href":"https:\/\/www.europesays.com\/de\/wp-json\/wp\/v2\/categories?post=187326"},{"taxonomy":"post_tag","embeddable":true,"href":"https:\/\/www.europesays.com\/de\/wp-json\/wp\/v2\/tags?post=187326"}],"curies":[{"name":"wp","href":"https:\/\/api.w.org\/{rel}","templated":true}]}}