{"id":187330,"date":"2025-06-13T14:26:10","date_gmt":"2025-06-13T14:26:10","guid":{"rendered":"https:\/\/www.europesays.com\/de\/187330\/"},"modified":"2025-06-13T14:26:10","modified_gmt":"2025-06-13T14:26:10","slug":"wochenende-bringt-sommer-aber-auch-gefahr-fuer-waldbraende-und-gewitter","status":"publish","type":"post","link":"https:\/\/www.europesays.com\/de\/187330\/","title":{"rendered":"Wochenende bringt Sommer, aber auch Gefahr f\u00fcr Waldbr\u00e4nde und Gewitter"},"content":{"rendered":"<p>\tWetter in Berlin und Brandenburg<br \/>\n\t &#8211; <\/p>\n<p>\t\tWochenende bringt Sommer, aber auch Gefahr f\u00fcr Waldbr\u00e4nde und Gewitter<\/p>\n<p><img decoding=\"async\" src=\"https:\/\/www.europesays.com\/de\/wp-content\/uploads\/2025\/06\/1749824770_77_size=708x398.jpg\" alt=\"Symbolbild:Die Sonne scheint \u00fcber einem Kiefernwald in der Lausitz.(Quelle:picture alliance\/dpa\/P.Pleul)\" title=\"Symbolbild:Die Sonne scheint \u00fcber einem Kiefernwald in der Lausitz.(Quelle:picture alliance\/dpa\/P.Pleul)\" id=\"1419245858\"\/><\/p>\n<p>picture alliance\/dpa\/P.Pleul<\/p>\n<p>Audio: rbb 88.8 | 13.06.2025 | Michael Ernst | Bild: picture alliance\/dpa\/P.Pleul <\/p>\n<p>Am Wochenende wird es hei\u00df und schw\u00fcl in Berlin und Brandenburg. Damit steigt auch die Gefahr f\u00fcr Waldbr\u00e4nde &#8211; und starke Gewitter.<\/p>\n<p>\t\t\t\t\t<a name=\"articlesContList\/text_146179052\"\/><\/p>\n<ul>\n<li>Freitag bleibt es wolkenlos und wird w\u00e4rmer<\/li>\n<li>nachts k\u00fchlt es aber immer noch ab<\/li>\n<li>Samstag steigen die Temperaturen bis zu 30 Grad Celsius<\/li>\n<li>hohe Waldbrandgefahr in Teilen Brandenburgs<\/li>\n<li>am Sonntag ziehen Wolken auf und bringen Gewitter mit<\/li>\n<\/ul>\n<p>\t\t\t\t\t<a name=\"articlesContList\/text_0\"\/><\/p>\n<p>Auf die Menschen in Berlin und Brandenburg kommt ein sehr warmes und sonniges Wochenende zu. Das teilte der Deutsche Wetterdienst (DWD) am Freitag mit. Gleichzeitig steigt das <a href=\"https:\/\/www.rbb24.de\/panorama\/beitrag\/2025\/06\/brandenburg-beelitz-wald-waldbrand-aufforsten-regen-trockenheit-schaeden.html\" rel=\"nofollow noopener\" target=\"_blank\">Waldbrandrisiko in Brandenburg<\/a>. In f\u00fcnf Landkreisen gilt am Freitagmittag laut Landesbetrieb Forst bereits die zweith\u00f6chste Gefahrenstufe 4, also hohe Gefahr.<\/p>\n<p>Betroffen sind das Havelland, Potsdam-Mittelmark, M\u00e4rkisch-Oderland, Oder-Spree und Spree-Nei\u00dfe. In den anderen Regionen gilt \u00fcberwiegend eine mittlere Waldbrandgefahr der Stufe 3 (mittlere Gefahr), in der Uckermark noch Stufe 2 (geringe Gefahr).<\/p>\n<p>\t\t\t\t\t<a name=\"articlesContList\/teaserbox_1586290856\"\/><\/p>\n<p>\t\t\t\t\t<a name=\"articlesContList\/text_415534010\"\/><\/p>\n<p>Am <b>Freitag<\/b> scheint den ganzen Tag \u00fcber die Sonne, nur wenige Schleierwolken stehen am Himmel. Die Temperaturen steigen auf bis zu 23 Grad Celsius in der Uckermark und 27 Grad Celsius im S\u00fcden Brandenburgs, in Berlin werden um die 25 Grad erwartet.<\/p>\n<p><a href=\"https:\/\/www.rbb24.de\/panorama\/beitrag\/2025\/06\/wetter-hitze-sonne-heiss-erdbeermond-trockenheit-gewitter.html\" rel=\"nofollow noopener\" target=\"_blank\">ARD-Wetterexperte Andreas Arndt sprach am Dienstag bei rbb|24 von einer &#8222;Omega-Wetterlage&#8220;<\/a>: Zwischen hohem Luftdruck \u00fcber Osteuropa und tiefem Luftdruck \u00fcber dem Atlantik und S\u00fcdwesteuropa gelangt vor\u00fcbergehend sehr warme bis hei\u00dfe und dann auch sogleich sehr schw\u00fcle Luft aus S\u00fcdwesteuropa und Afrika zu uns, so Arndt.<\/p>\n<p>\t\t\t\t\t<a name=\"articlesContList\/text_1126860294\"\/><br \/>\n\t\t\t\t\tHei\u00df und schw\u00fcl mit Gewittern am Sonntag<\/p>\n<p>In der Nacht zu <b>Samstag<\/b> k\u00fchlt es gebietsweise auf bis zu sechs Grad Celsius ab, regnen soll es nicht. Tags\u00fcber l\u00e4dt der Samstag mit viel Sonnenschein zu Ausfl\u00fcgen ein: Mit H\u00f6chstwerten zwischen 26 und 31 Grad Celsius wird es sommerlich warm &#8211; aber auch trocken, was zu einer erh\u00f6hten Waldbrandgefahr beitragen kann.<\/p>\n<p>\t\t\t\t\t<a name=\"articlesContList\/teaserbox\"\/><\/p>\n<p>\t\t\t\t\t<a name=\"articlesContList\/text\"\/><\/p>\n<p>Mit ausgedehnten Kiefernw\u00e4ldern, geringem Niederschlag und leichten Sandb\u00f6den ist Brandenburg nach Einsch\u00e4tzung des Landesbetriebs Forst das Land mit der h\u00f6chsten Waldbrandgef\u00e4hrdung bundesweit. In der aktuellen Waldbrandsaison sind die Feuerwehren in Brandenburg bis Ende Mai zu insgesamt 125 Waldbr\u00e4nden ausger\u00fcckt.<\/p>\n<p>In der Nacht zu <b>Sonntag<\/b> ziehen dann von Westen her Wolken auf, die Temperaturen sinken auf bis zu zw\u00f6lf Grad. Tags\u00fcber verdichten sich die Wolken. Dennoch steigen die Temperaturen auf sommerliche 28 bis 32 Grad Celsius.<\/p>\n<p>Am Sonntagnachmittag kann es dann von Westen her lokal zu Gewittern und kr\u00e4ftigen Schauern kommen, vereinzelt auch zu Starkregen. &#8222;Lokal kann dabei durchaus eine halbe Monatssumme an Niederschlag in kurzer Zeit zusammenkommen, inklusive \u00dcberflutungen und vollgelaufener Keller&#8220;, sagte DWD-Meteorologe Adrian Leyser am Freitag.<\/p>\n<\/p>\n<p>\t\t\t\t\t<a name=\"articlesContList\/text_1\"\/><\/p>\n<p>Sendung: rbb 88.8, 13.06.2025, 13:00 Uhr<\/p>\n<p><a class=\"ico ico_arrow_wide_up\" title=\"An den Anfang\" href=\"#top\">  <\/a><\/p>\n","protected":false},"excerpt":{"rendered":"Wetter in Berlin und Brandenburg &#8211; Wochenende bringt Sommer, aber auch Gefahr f\u00fcr Waldbr\u00e4nde und Gewitter picture alliance\/dpa\/P.Pleul&hellip;\n","protected":false},"author":2,"featured_media":187331,"comment_status":"","ping_status":"","sticky":false,"template":"","format":"standard","meta":{"footnotes":""},"categories":[1825],"tags":[1941,1939,296,1937,29,30,1940,1938],"class_list":{"0":"post-187330","1":"post","2":"type-post","3":"status-publish","4":"format-standard","5":"has-post-thumbnail","7":"category-berlin","8":"tag-aktuelle-nachrichten-aus-berlin","9":"tag-aktuelle-news-aus-berlin","10":"tag-berlin","11":"tag-berlin-news","12":"tag-deutschland","13":"tag-germany","14":"tag-nachrichten-aus-berlin","15":"tag-news-aus-berlin"},"share_on_mastodon":{"url":"https:\/\/pubeurope.com\/@de\/114676523679292907","error":""},"_links":{"self":[{"href":"https:\/\/www.europesays.com\/de\/wp-json\/wp\/v2\/posts\/187330","targetHints":{"allow":["GET"]}}],"collection":[{"href":"https:\/\/www.europesays.com\/de\/wp-json\/wp\/v2\/posts"}],"about":[{"href":"https:\/\/www.europesays.com\/de\/wp-json\/wp\/v2\/types\/post"}],"author":[{"embeddable":true,"href":"https:\/\/www.europesays.com\/de\/wp-json\/wp\/v2\/users\/2"}],"replies":[{"embeddable":true,"href":"https:\/\/www.europesays.com\/de\/wp-json\/wp\/v2\/comments?post=187330"}],"version-history":[{"count":0,"href":"https:\/\/www.europesays.com\/de\/wp-json\/wp\/v2\/posts\/187330\/revisions"}],"wp:featuredmedia":[{"embeddable":true,"href":"https:\/\/www.europesays.com\/de\/wp-json\/wp\/v2\/media\/187331"}],"wp:attachment":[{"href":"https:\/\/www.europesays.com\/de\/wp-json\/wp\/v2\/media?parent=187330"}],"wp:term":[{"taxonomy":"category","embeddable":true,"href":"https:\/\/www.europesays.com\/de\/wp-json\/wp\/v2\/categories?post=187330"},{"taxonomy":"post_tag","embeddable":true,"href":"https:\/\/www.europesays.com\/de\/wp-json\/wp\/v2\/tags?post=187330"}],"curies":[{"name":"wp","href":"https:\/\/api.w.org\/{rel}","templated":true}]}}