{"id":187493,"date":"2025-06-13T15:55:12","date_gmt":"2025-06-13T15:55:12","guid":{"rendered":"https:\/\/www.europesays.com\/de\/187493\/"},"modified":"2025-06-13T15:55:12","modified_gmt":"2025-06-13T15:55:12","slug":"termin-steht-schon-grammys-werden-2026-in-neuen-kategorien-vergeben","status":"publish","type":"post","link":"https:\/\/www.europesays.com\/de\/187493\/","title":{"rendered":"Termin steht schon: Grammys werden 2026 in neuen Kategorien vergeben"},"content":{"rendered":"<p>                    Termin steht schon<br \/>\n                Grammys werden 2026 in neuen Kategorien vergeben<\/p>\n<p>\t\t\t\t              13.06.2025, 15:03 Uhr<\/p>\n<p>\t\t\t\t\t       Artikel anh\u00f6ren<\/p>\n<p>\t\t\t\t\t\t\tDiese Audioversion wurde k\u00fcnstlich generiert. <a href=\"https:\/\/www.n-tv.de\/23249898\" rel=\"nofollow noopener\" target=\"_blank\">Mehr Infos<\/a><\/p>\n<p><strong>Im n\u00e4chsten Jahr wird der begehrte Musikpreis Grammy zum 68. Mal verliehen. Die Veranstalter geben nun nicht nur den Termin daf\u00fcr bekannt, sondern k\u00fcndigen auch v\u00f6llig neue Kategorien an.<\/strong><\/p>\n<p>Bei den Grammys wird es 2026 neue Kategorien geben. Dies k\u00fcndigen die Verantwortlichen f\u00fcr die Vergabe des renommierten Musikpreises jetzt auf der offiziellen Website an. Ziel der Neuerungen ist es laut Harvey Mason jr., seines Zeichens der Gesch\u00e4ftsf\u00fchrer der Recording Academy, auf diese Weise &#8222;mehr K\u00fcnstler und eine gr\u00f6\u00dfere Bandbreite der Musik zu feiern&#8220;. Im n\u00e4chsten Jahr werden daher unter anderem zum ersten Mal Grammys in den Kategorien &#8222;Bestes Albumcover&#8220; sowie &#8222;Bestes traditionelles Country-Album&#8220; verliehen. Die urspr\u00fcngliche Sparte &#8222;Bestes Country-Album&#8220; wird zugleich noch in &#8222;Bestes zeitgen\u00f6ssisches Country-Album&#8220; aufgespalten. Insgesamt werde es durch die Neuerungen mehr Nominierungen geben.<\/p>\n<p>&#8222;Die oberste Priorit\u00e4t der Academy ist es, die Musikschaffenden zu repr\u00e4sentieren, denen wir jedes Jahr dienen. Das bedeutet, dass wir unseren Mitgliedern genau zuh\u00f6ren, um sicherzustellen, dass unsere Regeln und Richtlinien die heutige Musik widerspiegeln und es uns erm\u00f6glichen, so viele verdiente K\u00fcnstler wie m\u00f6glich auszuzeichnen&#8220;, so Mason jr. Er freue sich, bei der Grammy-Verleihung &#8222;die erstaunliche Kraft der Musik und ihre F\u00e4higkeit, so viele Menschen zusammenzubringen, zu feiern&#8220;.<\/p>\n<p>Mason jr. zeigt sich begeistert, dass viele der diesj\u00e4hrigen \u00c4nderungen es erm\u00f6glichten, &#8222;noch mehr Kreative zu ehren&#8220;. Die Aktualisierung der Kategorien sei &#8222;dringend&#8220; n\u00f6tig gewesen, um sicherzustellen, &#8222;dass diejenigen, die einen bedeutenden Beitrag zum musikalischen Prozess leisten, angemessen gew\u00fcrdigt werden und die M\u00f6glichkeit haben, in der gr\u00f6\u00dften Nacht der Musik gefeiert zu werden&#8220;.<\/p>\n<p>Nominierungen im November<\/p>\n<p>Im Rahmen dieser Information gaben die Veranstalter auch direkt das Datum der 68. Grammy-Verleihung bekannt. Sie wird am 1. Februar 2026 in Los Angeles \u00fcber die B\u00fchne gehen. Die nominierten K\u00fcnstlerinnen und K\u00fcnstler werden am 7. November 2025 bekannt gegeben.<\/p>\n<p>F\u00fcr die Nominierungen Anfang November sind alle musikalischen Werke zugelassen, die zwischen 31. August 2024 und 30. August 2025 offiziell ver\u00f6ffentlicht wurden beziehungsweise noch ver\u00f6ffentlicht werden. <\/p>\n","protected":false},"excerpt":{"rendered":"Termin steht schon Grammys werden 2026 in neuen Kategorien vergeben 13.06.2025, 15:03 Uhr Artikel anh\u00f6ren Diese Audioversion wurde&hellip;\n","protected":false},"author":2,"featured_media":187494,"comment_status":"","ping_status":"","sticky":false,"template":"","format":"standard","meta":{"footnotes":""},"categories":[1772],"tags":[56290,29,214,30,7893,1779,810,1071,215],"class_list":{"0":"post-187493","1":"post","2":"type-post","3":"status-publish","4":"format-standard","5":"has-post-thumbnail","7":"category-musik","8":"tag-country","9":"tag-deutschland","10":"tag-entertainment","11":"tag-germany","12":"tag-los-angeles","13":"tag-music","14":"tag-musik","15":"tag-preisverleihungen","16":"tag-unterhaltung"},"share_on_mastodon":{"url":"https:\/\/pubeurope.com\/@de\/114676873462047167","error":""},"_links":{"self":[{"href":"https:\/\/www.europesays.com\/de\/wp-json\/wp\/v2\/posts\/187493","targetHints":{"allow":["GET"]}}],"collection":[{"href":"https:\/\/www.europesays.com\/de\/wp-json\/wp\/v2\/posts"}],"about":[{"href":"https:\/\/www.europesays.com\/de\/wp-json\/wp\/v2\/types\/post"}],"author":[{"embeddable":true,"href":"https:\/\/www.europesays.com\/de\/wp-json\/wp\/v2\/users\/2"}],"replies":[{"embeddable":true,"href":"https:\/\/www.europesays.com\/de\/wp-json\/wp\/v2\/comments?post=187493"}],"version-history":[{"count":0,"href":"https:\/\/www.europesays.com\/de\/wp-json\/wp\/v2\/posts\/187493\/revisions"}],"wp:featuredmedia":[{"embeddable":true,"href":"https:\/\/www.europesays.com\/de\/wp-json\/wp\/v2\/media\/187494"}],"wp:attachment":[{"href":"https:\/\/www.europesays.com\/de\/wp-json\/wp\/v2\/media?parent=187493"}],"wp:term":[{"taxonomy":"category","embeddable":true,"href":"https:\/\/www.europesays.com\/de\/wp-json\/wp\/v2\/categories?post=187493"},{"taxonomy":"post_tag","embeddable":true,"href":"https:\/\/www.europesays.com\/de\/wp-json\/wp\/v2\/tags?post=187493"}],"curies":[{"name":"wp","href":"https:\/\/api.w.org\/{rel}","templated":true}]}}