{"id":187504,"date":"2025-06-13T16:01:16","date_gmt":"2025-06-13T16:01:16","guid":{"rendered":"https:\/\/www.europesays.com\/de\/187504\/"},"modified":"2025-06-13T16:01:16","modified_gmt":"2025-06-13T16:01:16","slug":"tausende-zittern-um-jobs-neuer-vertrag-fuer-umstrittenen-thyssenkrupp-chef-geld","status":"publish","type":"post","link":"https:\/\/www.europesays.com\/de\/187504\/","title":{"rendered":"Tausende zittern um Jobs: Neuer Vertrag f\u00fcr umstrittenen Thyssenkrupp-Chef | Geld"},"content":{"rendered":"<p> An dieser Stelle findest du den Text-to-Speech Player<\/p>\n<p> Um den TTS Player darzustellen, brauchen wir deine Zustimmung. <\/p>\n<p> externen Inhalt aktivieren  Um eingebettete Inhalte anzuzeigen, ist Ihre jederzeit widerrufliche Einwilligung (\u00fcber den Schalter oder \u00fcber &#8220; <a class=\"embed-placeholder__text-link\" href=\"#\" rel=\"noopener noreferrer\" title=\"Tracking widerrufen\"> Widerruf Tracking und Cookies<\/a> &#8220; am Seitenende) zur Verarbeitung personenbezogener Daten n\u00f6tig.  Dabei k\u00f6nnen Daten in Drittl\u00e4nder wie die USA \u00fcbermittelt werden (Art. 49 Abs. 1 lit. a DSGVO). Mit dem Aktivieren des Inhalts stimmen Sie zu. Weitere Infos finden Sie <a class=\"embed-placeholder__text-link\" href=\"#\" rel=\"noopener noreferrer\" title=\"Zu den Privatsph\u00e4re Einstellungen\"> hier<\/a>. <\/p>\n<p><b>Der Industriekonzern Thyssenkrupp zieht die Vertragsverl\u00e4ngerung von Vorstandschef Miguel Lopez (60) \u00fcberraschend vor. Der Aufsichtsrat werde bereits auf seiner Sitzung am kommenden Freitag \u00fcber die Personalie abstimmen, erfuhr BILD aus hochrangigen Konzernkreisen. Urspr\u00fcnglich war die Abstimmung erst f\u00fcr September vorgesehen.<\/b><\/p>\n<p>Ein Selbstl\u00e4ufer wird die Verl\u00e4ngerung nicht. \u201eNach jetzigem Stand werden die Arbeitnehmervertreter dagegen stimmen\u201c, hei\u00dft es im Konzern. Im Aufsichtsrat sitzen neben zehn Vertretern der Aktion\u00e4re weitere zehn Kontrolleure aus Betriebsrat und IG Metall.<\/p>\n<p><img decoding=\"async\" width=\"992\" height=\"558\" alt=\"Die Stahlproduktion soll wie andere Konzernteile abgegeben werden\" src=\"https:\/\/www.europesays.com\/de\/wp-content\/uploads\/2025\/06\/7130143c32c6fb0757c02d60c972f481,77de5796\"   class=\"landscape\" loading=\"lazy\"\/><\/p>\n<p class=\"fig__caption__text\">Die Stahlproduktion soll wie andere Konzernteile abgegeben werden<\/p>\n<p>Foto: picture alliance \/ Rupert Oberh\u00e4user<\/p>\n<p><b>Entscheidend wird dann das Votum von Chefaufseher Siegfried Russwurm (61) sein. Bei einer Patt-Situation hat er ein gesetzlich festgeschriebenes Doppelstimmrecht. Schon bei fr\u00fcheren Entscheidungen \u2013 etwa beim Verkauf der Stahlsparte \u2013 hatte er dieses ziehen m\u00fcssen. \u201eEr d\u00fcrfte erneut auf diese Option zur\u00fcckgreifen\u201c, sagt eine involvierte Person. Lopez\u2019 aktueller Vertrag w\u00fcrde im Mai kommenden Jahres enden. <\/b><\/p>\n<p>Der Grund f\u00fcr die fr\u00fchere Vertragsverl\u00e4ngerung ist die BILD-Berichterstattung \u00fcber die geplante Zerlegung des Unternehmens. Da die Pl\u00e4ne vorzeitig an die \u00d6ffentlichkeit gelangt waren, sieht sich Lopez geschw\u00e4cht, wie mit dem Vorgang vertraute Personen berichten: \u201eEr will daher sofort einen neuen Vertrag\u201c.<\/p>\n<p><b>Der Konzern best\u00e4tigt auf Anfrage, dass eine Verl\u00e4ngerung f\u00fcr dieses Jahr geplant sei. Ein Sprecher \u00e4u\u00dfert sich aber nicht zu Details.<\/b><\/p>\n<p>Lesen Sie auch<\/p>\n<p><b>Investoren und Mitarbeiter hatte der Vorstandschef erst im September dar\u00fcber informieren wollen, dass der Traditionskonzern in eine Holding umgebaut und weitere Firmenteile wie der Stahlhandel abgegeben werden sollen. Aus Reihen der Politik und aus dem eigenen Unternehmen wurde Lopez daf\u00fcr kritisiert.<\/b><\/p>\n<p>Jochen Ott (51), SPD-Fraktionschef in NRW, erkl\u00e4rte daraufhin, Lopez sei \u201eder schlechteste Manager, den es in Deutschland gibt\u201c.<\/p>\n<p><img decoding=\"async\" width=\"992\" height=\"558\" alt=\"Die Aufsichtsr\u00e4te sollen den Weg f\u00fcr den B\u00f6rsengang der Werttochter TKMS frei machen\" src=\"https:\/\/www.europesays.com\/de\/wp-content\/uploads\/2025\/06\/112ed35d518588253c88b95723ceeca4,e5c1f3e7\"   class=\"landscape\" loading=\"lazy\"\/><\/p>\n<p class=\"fig__caption__text\">Die Aufsichtsr\u00e4te sollen den Weg f\u00fcr den B\u00f6rsengang der Werfttochter TKMS freimachen<\/p>\n<p>Foto: Marcus Brandt\/dpa<\/p>\n<p><b>Die Unruhe unter den 98.000 Mitarbeitern ist seitdem gro\u00df. Viele f\u00fcrchten mit Blick auf den Umbau um ihre Jobs, wie Betriebsr\u00e4te berichten. Bekannt ist, dass die Belegschaft der Zentrale von 500 auf 100 Besch\u00e4ftigte verkleinert werden soll. Auch bei den einzelnen Sparten \u2013 Stahl, Handel, Autozulieferer, Anlagenbau \u2013 fallen Tausende Stellen weg.<\/b><\/p>\n<p>Ziel des Umbaus ist laut Konzernkreisen letztlich die Aufl\u00f6sung der Traditionsfirma. Auf der Sitzung am 20. Juni soll der Aufsichtsrat auch die Abspaltung der Werftensparte TKMS bewilligen. Noch im Herbst k\u00f6nnte der f\u00fchrende Hersteller von konventionellen U-Booten und \u00dcberwasserschiffen an die B\u00f6rse gebracht werden.<\/p>\n","protected":false},"excerpt":{"rendered":"An dieser Stelle findest du den Text-to-Speech Player Um den TTS Player darzustellen, brauchen wir deine Zustimmung. externen&hellip;\n","protected":false},"author":2,"featured_media":187505,"comment_status":"","ping_status":"","sticky":false,"template":"","format":"standard","meta":{"footnotes":""},"categories":[134],"tags":[39637,175,170,169,29,30,171,174,45,779,173,172],"class_list":{"0":"post-187504","1":"post","2":"type-post","3":"status-publish","4":"format-standard","5":"has-post-thumbnail","7":"category-unternehmen-maerkte","8":"tag-alfried-krupp-von-bohlen-und-halbach-stiftung","9":"tag-business","10":"tag-companies","11":"tag-companies-markets","12":"tag-deutschland","13":"tag-germany","14":"tag-markets","15":"tag-maerkte","16":"tag-texttospeech","17":"tag-thyssenkrupp","18":"tag-unternehmen","19":"tag-unternehmen-maerkte"},"share_on_mastodon":{"url":"https:\/\/pubeurope.com\/@de\/114676897233368331","error":""},"_links":{"self":[{"href":"https:\/\/www.europesays.com\/de\/wp-json\/wp\/v2\/posts\/187504","targetHints":{"allow":["GET"]}}],"collection":[{"href":"https:\/\/www.europesays.com\/de\/wp-json\/wp\/v2\/posts"}],"about":[{"href":"https:\/\/www.europesays.com\/de\/wp-json\/wp\/v2\/types\/post"}],"author":[{"embeddable":true,"href":"https:\/\/www.europesays.com\/de\/wp-json\/wp\/v2\/users\/2"}],"replies":[{"embeddable":true,"href":"https:\/\/www.europesays.com\/de\/wp-json\/wp\/v2\/comments?post=187504"}],"version-history":[{"count":0,"href":"https:\/\/www.europesays.com\/de\/wp-json\/wp\/v2\/posts\/187504\/revisions"}],"wp:featuredmedia":[{"embeddable":true,"href":"https:\/\/www.europesays.com\/de\/wp-json\/wp\/v2\/media\/187505"}],"wp:attachment":[{"href":"https:\/\/www.europesays.com\/de\/wp-json\/wp\/v2\/media?parent=187504"}],"wp:term":[{"taxonomy":"category","embeddable":true,"href":"https:\/\/www.europesays.com\/de\/wp-json\/wp\/v2\/categories?post=187504"},{"taxonomy":"post_tag","embeddable":true,"href":"https:\/\/www.europesays.com\/de\/wp-json\/wp\/v2\/tags?post=187504"}],"curies":[{"name":"wp","href":"https:\/\/api.w.org\/{rel}","templated":true}]}}