{"id":187506,"date":"2025-06-13T16:02:13","date_gmt":"2025-06-13T16:02:13","guid":{"rendered":"https:\/\/www.europesays.com\/de\/187506\/"},"modified":"2025-06-13T16:02:13","modified_gmt":"2025-06-13T16:02:13","slug":"warten-auf-die-grosse-rache-so-erleben-israelis-die-stunden-nach-dem-angriff-auf-den-iran-tagesspiegel","status":"publish","type":"post","link":"https:\/\/www.europesays.com\/de\/187506\/","title":{"rendered":"Warten auf die gro\u00dfe Rache: So erleben Israelis die Stunden nach dem Angriff auf den Iran &#8211; Tagesspiegel"},"content":{"rendered":"<ol>\n<li><a href=\"https:\/\/news.google.com\/rss\/articles\/CBMi4AFBVV95cUxNYUJIWXdEc1RRdHVSdVIzMlNyVzZteHowVWlXeEljSmh5Z1I3X2h4X2F4bmM3Z1NLTTNWUjgyenE1bnBUWjJoYVNSbnpFZGl3cUFTUkJYd2hZVXJJM2JBeXZtdHdBRVFzWjJldXNQMTYwUzFENTVJVkgxeXJpRWx4LURkbTNBc09QbUp4ZVl2ZFdYeG9IODYtd2xHa29GNnlhU1plWnZPOWZ5NjNCS3VleTNSc2dtS05JTmtpN2pRblpEcThoZDNUTEdPa0M5Y0lfMWRoNnJaMGd5c01ubTB6WA?oc=5\" target=\"_blank\" rel=\"noopener\">Warten auf die gro\u00dfe Rache: So erleben Israelis die Stunden nach dem Angriff auf den Iran<\/a>&nbsp;&nbsp;Tagesspiegel<\/li>\n<li><a href=\"https:\/\/news.google.com\/rss\/articles\/CBMilgFBVV95cUxOMEtWdW5WY3ozOHlrUV9vTzJIdlYtcno1bjlPNDA4aW01Ny01TndpNm5KVWY0ZWxYdVdmZkV4UnBPVW80YS0yUW9STklhRW1Xb3FPYkcxamNZc0ttYmtxQU5XbDREUTZDSkQyT1E3NER6a01INlVnS1VsaExrd0R0dW4yV19YTVVYNFNMTGtsYVRMSGoxWWc?oc=5\" target=\"_blank\" rel=\"noopener\">Israel wollte iranische Milit\u00e4rf\u00fchrung t\u00f6ten<\/a>&nbsp;&nbsp;tagesschau.de<\/li>\n<li><a href=\"https:\/\/news.google.com\/rss\/articles\/CBMirAFBVV95cUxPVlczNnI0bmxvb2hMYVpFWEk2Wnd1RGhnN1ZKSUszWWduTlRla19TcWtEbTJRVU5BSmZyTk5zMnlhSHdTWmRvSG1RY1lqbG16UWxKZThtZURUMnJSa3BJSFJoMk0wbzVzZ1MtRlcxcWo5czVnV0plN0RUTVNxZ05ONUZQSEduM2RFYi1IcWdBeVhTd0lBemVpNC04YmREdVIzS3NkOEthMldmQW11?oc=5\" target=\"_blank\" rel=\"noopener\">Angriff auf Iran: Ein Krieg, den Trump nicht wollte<\/a>&nbsp;&nbsp;FAZ<\/li>\n<li><a href=\"https:\/\/news.google.com\/rss\/articles\/CBMi2AFBVV95cUxPRXVEWXpndXotWE5xN1gxeXUyUzhOX09YOGpkdllDQVNCUlFIaXctYmtmblFubURTVUY4RGV2R1RjRDc0QVcxMm9Qc29XMDV0Sm05bXNWTXcwY2t6ck9HM1Z1ekl6Qk41dUREZm5KU1kwUzBJRjBsdUdXaUEwellhdDlzb3kzeC1CeW9ockpGRzJzOFBxa3d0SGozbkVtNVlhZVQtd19yWEJJblc0TmRpQ3ppOGl2T1NFRzBkaHBlWHM0VVVaWFdQTUE0WVNXSnNXWmRVeXhvSVY?oc=5\" target=\"_blank\" rel=\"noopener\">(S+) Israel-Iran-Konflikt: Das Regime in Teheran k\u00e4mpft jetzt ums \u00dcberleben<\/a>&nbsp;&nbsp;Spiegel<\/li>\n<li><a href=\"https:\/\/news.google.com\/rss\/articles\/CBMipAFBVV95cUxNZHp4cmY1OTF5azVoVkM2UWNjMHpIbEwwc0VTX0UzUko4NFNQRHpqRDFjQ3I2TW15SDFVYzhadWRWeGVfTVVKaUd6eE42bmUtaTF4cjMtUlViSllwVmtEWW1KdWtOX2x6U2ZSM0Y3U0xZcUE0RGJ1Q0dLcXF4dEFjbWRNTkVqdmVLTmZjSFphX1F6bnVwMF9BZXcwMzU5aWVFbFZkctIBtAFBVV95cUxPUjhQdDNjM2ZTZmx5QWFlMC1oMjU0TDhJUnByZC1KRVJQUEpOSUVXd2FjOTZRTkZNQVdORUIyQ2w1Q3ZqdjhrOEExOTNwRXdMQjVsT0ZWTHBCT0x1MExMcTVEVDR5bXdBYUJVb043TzgyOHROa1lnX1o3Qm1qQVNqbUw4clZmdUxGdlNqNTVBS3J2ZlkyMmszanA2ZU5lSVlEMGRIZ1BiYnpkZ202Y1lLSlpCMWM?oc=5\" target=\"_blank\" rel=\"noopener\">Berliner Polizei sieht derzeit keine versch\u00e4rfte Bedrohungslage<\/a>&nbsp;&nbsp;rbb24<\/li>\n<\/ol>\n","protected":false},"excerpt":{"rendered":"Warten auf die gro\u00dfe Rache: So erleben Israelis die Stunden nach dem Angriff auf den Iran&nbsp;&nbsp;Tagesspiegel Israel wollte&hellip;\n","protected":false},"author":2,"featured_media":187507,"comment_status":"","ping_status":"","sticky":false,"template":"","format":"standard","meta":{"footnotes":""},"categories":[3],"tags":[662,499,106,6554,13,18544,345,411,10544,14,15,12,10,8,9,11,64,103,104],"class_list":{"0":"post-187506","1":"post","2":"type-post","3":"status-publish","4":"format-standard","5":"has-post-thumbnail","7":"category-welt","8":"tag-atomwaffen","9":"tag-benjamin-netanjahu","10":"tag-donald-trump","11":"tag-expertentext","12":"tag-headlines","13":"tag-hisbollah","14":"tag-iran","15":"tag-israel","16":"tag-jemen","17":"tag-nachrichten","18":"tag-news","19":"tag-schlagzeilen","20":"tag-top-news","21":"tag-top-meldungen","22":"tag-topmeldungen","23":"tag-topnews","24":"tag-usa","25":"tag-welt","26":"tag-world"},"share_on_mastodon":{"url":"https:\/\/pubeurope.com\/@de\/114676901073745021","error":""},"_links":{"self":[{"href":"https:\/\/www.europesays.com\/de\/wp-json\/wp\/v2\/posts\/187506","targetHints":{"allow":["GET"]}}],"collection":[{"href":"https:\/\/www.europesays.com\/de\/wp-json\/wp\/v2\/posts"}],"about":[{"href":"https:\/\/www.europesays.com\/de\/wp-json\/wp\/v2\/types\/post"}],"author":[{"embeddable":true,"href":"https:\/\/www.europesays.com\/de\/wp-json\/wp\/v2\/users\/2"}],"replies":[{"embeddable":true,"href":"https:\/\/www.europesays.com\/de\/wp-json\/wp\/v2\/comments?post=187506"}],"version-history":[{"count":0,"href":"https:\/\/www.europesays.com\/de\/wp-json\/wp\/v2\/posts\/187506\/revisions"}],"wp:featuredmedia":[{"embeddable":true,"href":"https:\/\/www.europesays.com\/de\/wp-json\/wp\/v2\/media\/187507"}],"wp:attachment":[{"href":"https:\/\/www.europesays.com\/de\/wp-json\/wp\/v2\/media?parent=187506"}],"wp:term":[{"taxonomy":"category","embeddable":true,"href":"https:\/\/www.europesays.com\/de\/wp-json\/wp\/v2\/categories?post=187506"},{"taxonomy":"post_tag","embeddable":true,"href":"https:\/\/www.europesays.com\/de\/wp-json\/wp\/v2\/tags?post=187506"}],"curies":[{"name":"wp","href":"https:\/\/api.w.org\/{rel}","templated":true}]}}