{"id":187887,"date":"2025-06-13T19:38:16","date_gmt":"2025-06-13T19:38:16","guid":{"rendered":"https:\/\/www.europesays.com\/de\/187887\/"},"modified":"2025-06-13T19:38:16","modified_gmt":"2025-06-13T19:38:16","slug":"so-viele-buerger-wurden-2024-neu-eingebuergert","status":"publish","type":"post","link":"https:\/\/www.europesays.com\/de\/187887\/","title":{"rendered":"So viele B\u00fcrger wurden 2024 neu eingeb\u00fcrgert"},"content":{"rendered":"<p class=\"text_ohne_einzug richtext text-em-55 !leading-serif mx-6 desktop:mx-0\">Am Donnerstag wurde neun Menschen bei einem Empfang im Rathaus von Oberb\u00fcrgermeister <a href=\"https:\/\/rp-online.de\/thema\/stephan-keller\/\" target=\"_blank\" rel=\"noopener\">Stephan Keller<\/a> (CDU) die Einb\u00fcrgerungsurkunde und damit die deutsche Staatsb\u00fcrgerschaft \u00fcberreicht. Sie stehen stellvertretend f\u00fcr die vielen tausend Neu- D\u00fcsseldorfer, die die Stadt Jahr f\u00fcr Jahr dazugewinnt.<\/p>\n<p class=\"richtext text-em-55 !leading-serif mx-6 desktop:mx-0\">Die Zahl der Antr\u00e4ge ist zuletzt gestiegen, nachdem das Staatsangeh\u00f6rigkeitsgesetz im vergangenen Jahr von der <a href=\"https:\/\/rp-online.de\/thema\/bundesregierung\/\" target=\"_blank\" rel=\"noopener\">Bundesregierung<\/a> novelliert worden war. Neben der grunds\u00e4tzlich m\u00f6glichen Mehrstaatlichkeit sind Einb\u00fcrgerungen damit bereits nach f\u00fcnf Jahren statt nach acht Jahren m\u00f6glich. Auch die ausgew\u00e4hlten Neu-B\u00fcrger, denen Keller im Rathaus die Urkunde \u00fcberreichte, besitzen weiterhin ihre urspr\u00fcngliche Staatsb\u00fcrgerschaft.<\/p>\n<p class=\"richtext text-em-55 !leading-serif mx-6 desktop:mx-0\">Zwischen dem 1. Januar 2025 und dem 31. Mai 2025 gingen beim Amt f\u00fcr Migration und Integration der Landeshauptstadt 3415 Antr\u00e4ge ein. Das ist ein Anstieg um rund 30 Prozent im Vergleich zum gleichen Zeitraum des Vorjahres. 1749 Personen wurden in diesem Jahr bereits bis Ende Mai eingeb\u00fcrgert.<\/p>\n<p class=\"richtext text-em-55 !leading-serif mx-6 desktop:mx-0\">Im Jahr 2024 wurden 4388 Menschen eingeb\u00fcrgert, insgesamt gingen 7259 Antr\u00e4ge ein. Die gr\u00f6\u00dfte Zahl der Eingeb\u00fcrgerten besa\u00df die syrische Staatsb\u00fcrgerschaft, gefolgt von russischen, t\u00fcrkischen, iranischen und ukrainischen Staatsangeh\u00f6rigen.<\/p>\n<p class=\"richtext text-em-55 !leading-serif mx-6 desktop:mx-0\">Bei der Einb\u00fcrgerungsfeier im Rathaus hob Keller die Bedeutung hervor, die dieser Akt nicht nur f\u00fcr die Menschen selbst und ihre Familien, sondern auch f\u00fcr die Stadtgesellschaft bedeutet. \u201eSie tragen zur Internationalit\u00e4t und Weltoffenheit der Landeshauptstadt bei, machen sie lebendig und stark. Die Einb\u00fcrgerung ist dabei mehr als ein Verwaltungsakt. Sie ist ein \u00f6ffentliches Bekenntnis zu diesem Land, zu unserer Stadt und zu den gemeinsamen Werten, die uns verbinden. Mit Ihren Ideen, Erfahrungen und Perspektiven bereichern Sie D\u00fcsseldorf und st\u00e4rken unsere demokratische Gemeinschaft\u201c, sagte Keller im Rathaus.<\/p>\n<p class=\"richtext text-em-55 !leading-serif mx-6 desktop:mx-0\">Die Einb\u00fcrgerungsfeiern werden regelm\u00e4\u00dfig veranstaltet, um die Bedeutung dieses Moments zu w\u00fcrdigen und den Neub\u00fcrgern eine Plattform des Kennenlernens und Austauschs zu bieten. Sie unterstrichen zudem die Relevanz von Integration, Teilhabe und demokratischem Engagement in einer offenen und vielf\u00e4ltigen Stadtgemeinschaft, hei\u00dft es von der Stadt.<\/p>\n<p class=\"richtext text-em-55 !leading-serif mx-6 desktop:mx-0\">Die Bev\u00f6lkerung D\u00fcsseldorfs w\u00e4chst weiter. Mit Stand 31. Dezember 2024 leben 658.245 Personen in der Stadt beziehungsweise sind hier mit ihrem Hauptwohnsitz gemeldet. Das sind 2528 Personen mehr als im Jahr davor.<\/p>\n","protected":false},"excerpt":{"rendered":"Am Donnerstag wurde neun Menschen bei einem Empfang im Rathaus von Oberb\u00fcrgermeister Stephan Keller (CDU) die Einb\u00fcrgerungsurkunde und&hellip;\n","protected":false},"author":2,"featured_media":186868,"comment_status":"","ping_status":"","sticky":false,"template":"","format":"standard","meta":{"footnotes":""},"categories":[1831],"tags":[13021,9511,3364,29,3405,40075,62354,30,3744,1209,23148,2218,6972,60976,16921],"class_list":{"0":"post-187887","1":"post","2":"type-post","3":"status-publish","4":"format-standard","5":"has-post-thumbnail","7":"category-duesseldorf","8":"tag-13021","9":"tag-antraege","10":"tag-de","11":"tag-deutschland","12":"tag-duesseldorf","13":"tag-duesseldorferinnen","14":"tag-eingebuergert","15":"tag-germany","16":"tag-keller","17":"tag-nordrhein-westfalen","18":"tag-personen","19":"tag-rathaus","20":"tag-staatsbuergerschaft","21":"tag-waechst","22":"tag-zahl"},"share_on_mastodon":{"url":"https:\/\/pubeurope.com\/@de\/114677750638934936","error":""},"_links":{"self":[{"href":"https:\/\/www.europesays.com\/de\/wp-json\/wp\/v2\/posts\/187887","targetHints":{"allow":["GET"]}}],"collection":[{"href":"https:\/\/www.europesays.com\/de\/wp-json\/wp\/v2\/posts"}],"about":[{"href":"https:\/\/www.europesays.com\/de\/wp-json\/wp\/v2\/types\/post"}],"author":[{"embeddable":true,"href":"https:\/\/www.europesays.com\/de\/wp-json\/wp\/v2\/users\/2"}],"replies":[{"embeddable":true,"href":"https:\/\/www.europesays.com\/de\/wp-json\/wp\/v2\/comments?post=187887"}],"version-history":[{"count":0,"href":"https:\/\/www.europesays.com\/de\/wp-json\/wp\/v2\/posts\/187887\/revisions"}],"wp:featuredmedia":[{"embeddable":true,"href":"https:\/\/www.europesays.com\/de\/wp-json\/wp\/v2\/media\/186868"}],"wp:attachment":[{"href":"https:\/\/www.europesays.com\/de\/wp-json\/wp\/v2\/media?parent=187887"}],"wp:term":[{"taxonomy":"category","embeddable":true,"href":"https:\/\/www.europesays.com\/de\/wp-json\/wp\/v2\/categories?post=187887"},{"taxonomy":"post_tag","embeddable":true,"href":"https:\/\/www.europesays.com\/de\/wp-json\/wp\/v2\/tags?post=187887"}],"curies":[{"name":"wp","href":"https:\/\/api.w.org\/{rel}","templated":true}]}}