{"id":187888,"date":"2025-06-13T19:39:08","date_gmt":"2025-06-13T19:39:08","guid":{"rendered":"https:\/\/www.europesays.com\/de\/187888\/"},"modified":"2025-06-13T19:39:08","modified_gmt":"2025-06-13T19:39:08","slug":"aenderung-am-flughafen-duesseldorf-wat-ist-dat-denn","status":"publish","type":"post","link":"https:\/\/www.europesays.com\/de\/187888\/","title":{"rendered":"\u00c4nderung am Flughafen D\u00fcsseldorf \u2013 &#8222;Wat ist dat denn?&#8220;"},"content":{"rendered":"<p>Der Sommer ist da und damit auch die Urlaubs-Zeit. Viele von uns starten in diesen Tagen wieder in die wohlverdienten Ferien. An den Flugh\u00e4fen hierzulande k\u00f6nnte es also wieder ordentlich voll werden \u2013 so auch am Flughafen D\u00fcsseldorf.<\/p>\n<p>An den Airports in Deutschland gelten hohe Sicherheitsstandards. Jeder Fluggast wird genaustens kontrolliert. So sollen Anschl\u00e4ge und Co. im Luftverkehr verhindert werden. Und gelegentlich m\u00fcssen die Sicherheitsvorkehrungen an den Flugh\u00e4fen angepasst werden. Deswegen gibt es jetzt am Flughafen D\u00fcsseldorf eine \u00c4nderung.<\/p>\n<p>Flughafen D\u00fcsseldorf  kl\u00e4rt auf Instagram auf<\/p>\n<p>In einem Reel auf seinem offiziellen Instagram-Account (rund 42.000 Follower) erkl\u00e4rt der Airport, was es mit der neusten Ver\u00e4nderung eigentlich auf sich hat. Es geht um eine neue Wand, die zahlreichen Passagieren aus NRW und Umgebung wohl schon aufgefallen sein wird.<\/p>\n<p><a href=\"https:\/\/www.derwesten.de\/region\/flughafen-duesseldorf-parkplatz-auto-id301614257.html\" rel=\"nofollow noopener\" target=\"_blank\">++ Flughafen D\u00fcsseldorf: Park-\u00c4rger eskaliert v\u00f6llig \u2013 Drohschreiben an Auto schockiert ++<\/a><\/p>\n<p>Doch mit Einschr\u00e4nkungen m\u00fcssen Passagiere deswegen nicht rechnen. \u201eWat ist dat denn? Keine Sorge, es \u00e4ndert sich nichts\u201c, verspricht der Flughafen. Doch was hat es mit der neuen Wand dann auf sich?<\/p>\n<p><strong>Ebenfalls interessant f\u00fcr dich:<\/strong> <a href=\"https:\/\/www.derwesten.de\/region\/flughafen-nrw-paderborn-lippstadt-lufthansa-verbindung-muenchen-id301609997.html\" rel=\"nofollow noopener\" target=\"_blank\">Flughafen in NRW zieht die Rei\u00dfleine \u2013 Passagiere werden es direkt bemerken<\/a><\/p>\n<p>Flughafen D\u00fcsseldorf verspricht: \u201eF\u00fcr euch bleibt alles wie gewohnt\u201c<\/p>\n<p>\u201eWir erf\u00fcllen damit an allen Flugsteigen eine neue Auflage zur Sicherung nicht ge\u00f6ffneter Kontrollspuren\u201c, kl\u00e4rt der Flughafen D\u00fcsseldorf in dem Instagram-Video auf. \u201eF\u00fcr euch bleibt alles wie gewohnt: kurze Wege, z\u00fcgige Abl\u00e4ufe\u201c, verspricht der Airport weiterhin. Sp\u00e4ter soll die Wand dann durch eine Glaswand ersetzt werden. \u201eSo erkennt ihr jederzeit, welche Spuren ge\u00f6ffnet sind.\u201c<\/p>\n<p>Mehr Themen und Nachrichten haben wir hier f\u00fcr dich zusammengefasst:<\/p>\n<p>Erst k\u00fcrzlich trauten einige Passagiere am Flughafen D\u00fcsseldorf ihren Augen kaum. Es kam zu spektakul\u00e4ren Szenen. Beim Blick aus dem Fenster konnten Passagiere Einsatzwagen der Feuerwehr am Flughafen D\u00fcsseldorf sehen. Doch Sorgen waren unbegr\u00fcndet. Was es mit dem Vorfall auf sich hatte, <a href=\"https:\/\/www.derwesten.de\/region\/flughafen-duesseldorf-sun-express-tuerkei-2-id301618020.html\" rel=\"nofollow noopener\" target=\"_blank\">liest du hier&gt;&gt;&gt;<\/a><\/p>\n","protected":false},"excerpt":{"rendered":"Der Sommer ist da und damit auch die Urlaubs-Zeit. Viele von uns starten in diesen Tagen wieder in&hellip;\n","protected":false},"author":2,"featured_media":187889,"comment_status":"","ping_status":"","sticky":false,"template":"","format":"standard","meta":{"footnotes":""},"categories":[1831],"tags":[3364,29,3405,3444,30,1209],"class_list":{"0":"post-187888","1":"post","2":"type-post","3":"status-publish","4":"format-standard","5":"has-post-thumbnail","7":"category-duesseldorf","8":"tag-de","9":"tag-deutschland","10":"tag-duesseldorf","11":"tag-flughafen-duesseldorf","12":"tag-germany","13":"tag-nordrhein-westfalen"},"share_on_mastodon":{"url":"https:\/\/pubeurope.com\/@de\/114677754429312271","error":""},"_links":{"self":[{"href":"https:\/\/www.europesays.com\/de\/wp-json\/wp\/v2\/posts\/187888","targetHints":{"allow":["GET"]}}],"collection":[{"href":"https:\/\/www.europesays.com\/de\/wp-json\/wp\/v2\/posts"}],"about":[{"href":"https:\/\/www.europesays.com\/de\/wp-json\/wp\/v2\/types\/post"}],"author":[{"embeddable":true,"href":"https:\/\/www.europesays.com\/de\/wp-json\/wp\/v2\/users\/2"}],"replies":[{"embeddable":true,"href":"https:\/\/www.europesays.com\/de\/wp-json\/wp\/v2\/comments?post=187888"}],"version-history":[{"count":0,"href":"https:\/\/www.europesays.com\/de\/wp-json\/wp\/v2\/posts\/187888\/revisions"}],"wp:featuredmedia":[{"embeddable":true,"href":"https:\/\/www.europesays.com\/de\/wp-json\/wp\/v2\/media\/187889"}],"wp:attachment":[{"href":"https:\/\/www.europesays.com\/de\/wp-json\/wp\/v2\/media?parent=187888"}],"wp:term":[{"taxonomy":"category","embeddable":true,"href":"https:\/\/www.europesays.com\/de\/wp-json\/wp\/v2\/categories?post=187888"},{"taxonomy":"post_tag","embeddable":true,"href":"https:\/\/www.europesays.com\/de\/wp-json\/wp\/v2\/tags?post=187888"}],"curies":[{"name":"wp","href":"https:\/\/api.w.org\/{rel}","templated":true}]}}