{"id":187999,"date":"2025-06-13T20:45:10","date_gmt":"2025-06-13T20:45:10","guid":{"rendered":"https:\/\/www.europesays.com\/de\/187999\/"},"modified":"2025-06-13T20:45:10","modified_gmt":"2025-06-13T20:45:10","slug":"grossbrauereien-erhoehen-bier-preis-schanzenbraeu-versteht-das","status":"publish","type":"post","link":"https:\/\/www.europesays.com\/de\/187999\/","title":{"rendered":"Gro\u00dfbrauereien erh\u00f6hen Bier-Preis \u2013 Schanzenbr\u00e4u versteht das"},"content":{"rendered":"<p class=\"font-bold text-18 leading-17\">Krombacher und Veltins drehen an der Preisschraube. Schanzenbr\u00e4u aus N\u00fcrnberg hat das bereits getan \u2013 und spricht jetzt von einer &#8222;wichtigen&#8220; Entscheidung der Branchengr\u00f6\u00dfen.<\/p>\n<p class=\"text-18 leading-17\">Wer Bier trinken mag, muss wohl bald tiefer in die Tasche greifen. Die beiden gro\u00dfen Brauer Krombacher und Veltins haben angek\u00fcndigt, ihre Preise im Herbst erh\u00f6hen zu wollen. Betroffen ist sowohl Fassbier als auch Flaschenbier. Eine Entscheidung, f\u00fcr die Schanzenbr\u00e4u-Chef Stefan Stretz Verst\u00e4ndnis hat.<\/p>\n<p class=\"text-18 leading-17\">Eine Sprecherin der Brauerei aus <a class=\"transition-colors duration-200 cursor-pointer text-inherit no-underline text-salemsfur md:hover:text-magenta md:hover:border-magenta md:focus:text-magenta border-current border-b border-solid break-words\" href=\"https:\/\/www.t-online.de\/region\/nuernberg\/\" data-sctrack=\"BodyAnchor\" rel=\"nofollow noopener\" target=\"_blank\">N\u00fcrnberg<\/a> bezeichnete die Preiserh\u00f6hung der deutlich gr\u00f6\u00dferen Konkurrenten auf Nachfrage von t-online als &#8222;wichtig&#8220; \u2013 auch f\u00fcr kleinere Betriebe. Sie sei ein Zeichen daf\u00fcr, &#8222;dass Bier eben auch seinen Preis hat&#8220; und die Branche mit steigenden Kosten zu k\u00e4mpfen habe.<\/p>\n<p class=\"text-18 leading-17\">In der Vergangenheit h\u00e4tten kleinere Betriebe ihre Preise oft erh\u00f6hen m\u00fcssen, w\u00e4hrend Gro\u00dfbrauereien &#8222;ein Angebot nach dem anderen rausfeuerten&#8220;. Bei den Kunden k\u00f6nne so ein &#8222;verzerrtes Bild&#8220; entstehen, argumentiert die Sprecherin weiter. Sie weist in dem Zusammenhang darauf hin, dass Bier kein &#8222;Fast-Food-Produkt&#8220; sei, sondern die Produktion sehr zeitaufwendig und \u00e4u\u00dferst energieintensiv sei.<\/p>\n<p class=\"text-18 leading-17\">Auch die Mitarbeiter m\u00fcssten angemessen bezahlt werden, &#8222;um die gestiegenen Lebenshaltungskosten zu bezahlen&#8220;, betont die Sprecherin der N\u00fcrnberger Brauerei. Ein angemessener Preis sei deshalb &#8222;unbedingt notwendig&#8220;.<\/p>\n<p class=\"text-18 leading-17\">Um wie viel der Preis im Herbst bei Krombacher und Veltins im Herbst steigen wird, ist noch nicht bekannt. Branchenkenner halten nach Berichten der Deutschen Presse-Agentur (dpa) aber eine Erh\u00f6hung um einen Euro pro Kasten m\u00f6glich.<\/p>\n<p class=\"text-18 leading-17\">Schanzenbr\u00e4u hat nach Angaben der Sprecherin seine Preise bereits im April erh\u00f6ht \u2013 um einen Euro pro Kasten. Wer einen Kasten Rotbier, Helles, Pils oder Co. direkt bei der Brauerei kauft, zahlt seitdem 19,90 Euro f\u00fcr zwanzig Halbe. Weitere Preiserh\u00f6hungen seien zun\u00e4chst nicht geplant.<\/p>\n<p class=\"text-18 leading-17\">Eigentlich m\u00fcsste der Bierpreis in der kompletten Branche aber noch weiter nach oben, fordert die Sprecherin. Kleinere Brauereien w\u00fcrden ohnehin nur durch hervorragende Qualit\u00e4t und immer neue Ideen \u00fcberleben.<\/p>\n","protected":false},"excerpt":{"rendered":"Krombacher und Veltins drehen an der Preisschraube. Schanzenbr\u00e4u aus N\u00fcrnberg hat das bereits getan \u2013 und spricht jetzt&hellip;\n","protected":false},"author":2,"featured_media":188000,"comment_status":"","ping_status":"","sticky":false,"template":"","format":"standard","meta":{"footnotes":""},"categories":[1837],"tags":[772,2326,15847,3364,29,30,13581,62617,851,3783,59402,32497],"class_list":{"0":"post-187999","1":"post","2":"type-post","3":"status-publish","4":"format-standard","5":"has-post-thumbnail","7":"category-nuernberg","8":"tag-bayern","9":"tag-bier","10":"tag-brauerei","11":"tag-de","12":"tag-deutschland","13":"tag-germany","14":"tag-gostenhof","15":"tag-grossbrauerei","16":"tag-herbst","17":"tag-nuernberg","18":"tag-schanzenbraeu","19":"tag-veltins"},"share_on_mastodon":{"url":"https:\/\/pubeurope.com\/@de\/114678013905699333","error":""},"_links":{"self":[{"href":"https:\/\/www.europesays.com\/de\/wp-json\/wp\/v2\/posts\/187999","targetHints":{"allow":["GET"]}}],"collection":[{"href":"https:\/\/www.europesays.com\/de\/wp-json\/wp\/v2\/posts"}],"about":[{"href":"https:\/\/www.europesays.com\/de\/wp-json\/wp\/v2\/types\/post"}],"author":[{"embeddable":true,"href":"https:\/\/www.europesays.com\/de\/wp-json\/wp\/v2\/users\/2"}],"replies":[{"embeddable":true,"href":"https:\/\/www.europesays.com\/de\/wp-json\/wp\/v2\/comments?post=187999"}],"version-history":[{"count":0,"href":"https:\/\/www.europesays.com\/de\/wp-json\/wp\/v2\/posts\/187999\/revisions"}],"wp:featuredmedia":[{"embeddable":true,"href":"https:\/\/www.europesays.com\/de\/wp-json\/wp\/v2\/media\/188000"}],"wp:attachment":[{"href":"https:\/\/www.europesays.com\/de\/wp-json\/wp\/v2\/media?parent=187999"}],"wp:term":[{"taxonomy":"category","embeddable":true,"href":"https:\/\/www.europesays.com\/de\/wp-json\/wp\/v2\/categories?post=187999"},{"taxonomy":"post_tag","embeddable":true,"href":"https:\/\/www.europesays.com\/de\/wp-json\/wp\/v2\/tags?post=187999"}],"curies":[{"name":"wp","href":"https:\/\/api.w.org\/{rel}","templated":true}]}}