{"id":188106,"date":"2025-06-13T21:48:09","date_gmt":"2025-06-13T21:48:09","guid":{"rendered":"https:\/\/www.europesays.com\/de\/188106\/"},"modified":"2025-06-13T21:48:09","modified_gmt":"2025-06-13T21:48:09","slug":"abriss-und-neubau-des-suedstegs-sollen-anfang-2026-beginnen","status":"publish","type":"post","link":"https:\/\/www.europesays.com\/de\/188106\/","title":{"rendered":"Abriss und Neubau des S\u00fcdstegs sollen Anfang 2026 beginnen"},"content":{"rendered":"<p class=\"text_ohne_einzug richtext text-em-55 !leading-serif mx-6 desktop:mx-0\"> F\u00fcr die schon lang angestrebte Ma\u00dfnahme liegt nun eine neue Vorlage aus dem Ressort Stra\u00dfen und Verkehr vor, die ab dem 18. Juni die Gremien und Aussch\u00fcsse durchlaufen soll, angefangen mit der Bezirksvertretung Elberfeld. Die Entscheidung wird letztlich am 8. Juli vom Stadtrat getroffen. Die Umsetzung der Ma\u00dfnahme wird nun mit Gesamtkosten von 6,5 Millionen Euro beziffert und ist f\u00fcr das erste Halbjahr 2026 vorgesehen. Die Finanzierung soll durch F\u00f6rdermittel des VRR, Mittel der St\u00e4dtebauf\u00f6rderung des Landes NRW und durch die Stadt erfolgen. Die Deutsche Bahn AG \u00fcbernimmt die Umsetzung des Projekts, sprich, den Bau. Im Regelfall bel\u00e4uft sich der Eigenanteil der Stadt auf 2,5 Millionen Euro, doch es wurde eine Aufstockung der Mittel aus der St\u00e4dtebauf\u00f6rderung beantragt. Werden diese bewilligt, reduziert sich der Stadtanteil auf 1,7 Millionen Euro. Das neue Bauwerk soll dann in das Eigentum der Deutschen Bahn \u00fcberf\u00fchrt werden. Die Verhandlungen, wer ab diesem Punkt die zuk\u00fcnftigen Betriebs- und Instandhaltungskosten \u00fcbernimmt, sind noch offen.<\/p>\n","protected":false},"excerpt":{"rendered":"F\u00fcr die schon lang angestrebte Ma\u00dfnahme liegt nun eine neue Vorlage aus dem Ressort Stra\u00dfen und Verkehr vor,&hellip;\n","protected":false},"author":2,"featured_media":188107,"comment_status":"","ping_status":"","sticky":false,"template":"","format":"standard","meta":{"footnotes":""},"categories":[1840],"tags":[242,46000,17095,1739,18837,27614,28537,3364,29,16373,4788,30,3601,38416,62641,20667,1209,32325,62638,1106,62639,62640,62637,4418],"class_list":{"0":"post-188106","1":"post","2":"type-post","3":"status-publish","4":"format-standard","5":"has-post-thumbnail","7":"category-wuppertal","8":"tag-242","9":"tag-46000","10":"tag-17095","11":"tag-bahn","12":"tag-bahnsprecher","13":"tag-bahnsteig","14":"tag-baumassnahme","15":"tag-de","16":"tag-deutschland","17":"tag-elberfeld","18":"tag-euro","19":"tag-germany","20":"tag-hauptbahnhof","21":"tag-hauptbahnhofes","22":"tag-hauptbahnhofs","23":"tag-massnahme","24":"tag-nordrhein-westfalen","25":"tag-staedtebaufoerderung","26":"tag-suedsteg","27":"tag-umsetzung","28":"tag-umsetzungsdruck","29":"tag-verwaltungsvorlage","30":"tag-vorlage","31":"tag-wuppertal"},"share_on_mastodon":{"url":"https:\/\/pubeurope.com\/@de\/114678261595506606","error":""},"_links":{"self":[{"href":"https:\/\/www.europesays.com\/de\/wp-json\/wp\/v2\/posts\/188106","targetHints":{"allow":["GET"]}}],"collection":[{"href":"https:\/\/www.europesays.com\/de\/wp-json\/wp\/v2\/posts"}],"about":[{"href":"https:\/\/www.europesays.com\/de\/wp-json\/wp\/v2\/types\/post"}],"author":[{"embeddable":true,"href":"https:\/\/www.europesays.com\/de\/wp-json\/wp\/v2\/users\/2"}],"replies":[{"embeddable":true,"href":"https:\/\/www.europesays.com\/de\/wp-json\/wp\/v2\/comments?post=188106"}],"version-history":[{"count":0,"href":"https:\/\/www.europesays.com\/de\/wp-json\/wp\/v2\/posts\/188106\/revisions"}],"wp:featuredmedia":[{"embeddable":true,"href":"https:\/\/www.europesays.com\/de\/wp-json\/wp\/v2\/media\/188107"}],"wp:attachment":[{"href":"https:\/\/www.europesays.com\/de\/wp-json\/wp\/v2\/media?parent=188106"}],"wp:term":[{"taxonomy":"category","embeddable":true,"href":"https:\/\/www.europesays.com\/de\/wp-json\/wp\/v2\/categories?post=188106"},{"taxonomy":"post_tag","embeddable":true,"href":"https:\/\/www.europesays.com\/de\/wp-json\/wp\/v2\/tags?post=188106"}],"curies":[{"name":"wp","href":"https:\/\/api.w.org\/{rel}","templated":true}]}}