{"id":188242,"date":"2025-06-13T23:06:45","date_gmt":"2025-06-13T23:06:45","guid":{"rendered":"https:\/\/www.europesays.com\/de\/188242\/"},"modified":"2025-06-13T23:06:45","modified_gmt":"2025-06-13T23:06:45","slug":"pol-bi-zivile-beamte-hatten-richtigen-spuersinn-einbrecher-in-haft","status":"publish","type":"post","link":"https:\/\/www.europesays.com\/de\/188242\/","title":{"rendered":"POL-BI: Zivile Beamte hatten richtigen Sp\u00fcrsinn &#8211; Einbrecher in Haft"},"content":{"rendered":"<p class=\"date\">13.06.2025 \u2013 10:15<\/p>\n<p class=\"customer\">\n                        <a class=\"story-customer\" title=\"weiter zum newsroom von Polizei Bielefeld\" href=\"https:\/\/www.presseportal.de\/blaulicht\/nr\/12522\" rel=\"nofollow noopener\" target=\"_blank\">Polizei Bielefeld<\/a>\n                    <\/p>\n<p><a data-category=\"citylink-story-view\" data-action=\"click\" data-label=\"Citylink in Meldungsansicht\" class=\"story-city event-trigger\" href=\"https:\/\/www.presseportal.de\/regional\/Bielefeld\" title=\"News aus Bielefeld \" rel=\"nofollow noopener\" target=\"_blank\">Bielefeld<\/a> (ots)<\/p>\n<p>HC\/ Bielefeld- Br\u00f6nninghausen-<br \/>\nAm Donnerstag, 12.06.2025, hatten Polizisten das richtige Gesp\u00fcr und fassten einen Einbrecher auf frischer Tat. Der T\u00e4ter ging nach Vorf\u00fchrung in Haft.<\/p>\n<p>Zivilen Polizisten der Autobahnpolizei fiel gegen 01:15 Uhr auf der Rastanlage G\u00fctersloh ein auff\u00e4llig langsam fahrender Audi A6 auf. Bei den Beamten entstand der Eindruck, dass der Fahrer den PKW- Parkbereich beobachtete. Als der PKW die Rastanlage verlie\u00df, folgten die Polizisten ihm. Der Audi-Fahrer fuhr anschlie\u00dfend \u00fcber den Parkplatz S\u00fcrenheide und den Rastplatz Obergassel. Auf dem Rastplatz Lipperland-S\u00fcd stellte der Mann schlie\u00dflich den Audi ab.<\/p>\n<p>Die Polizisten konnten beobachten, wie er sich nacheinander den umstehenden Fahrzeugen n\u00e4herte und dann zur\u00fcck in sein Fahrzeug stieg. Gegen 02:00 Uhr stieg der Audi-Fahrer erneut aus und ging zu einem Wohnwagengespann. Dort brach er gewaltsam die T\u00fcr des Wohnwagens auf, wodurch der im Wagen schlafendende 34-J\u00e4hrige aufwachte. Der Einbrecher fl\u00fcchtete daraufhin.<\/p>\n<p>Die Polizisten sahen von ihrem Beobachtungsposten, dass der Mann zu seinem Audi rannte. Er fuhr ohne Licht entgegen der Einbahnstra\u00dfenregelung los und versuchte zu fl\u00fcchten. Eine bereits zur Kontrolle bereitstehende Streifenwagenbesatzung stoppte den Audi auf der Fahrspur zur BAB 2 und beendete so den Fluchtversuch.<\/p>\n<p>Der polizeibekannte serbische 33-j\u00e4hrige Audi-Fahrer wies sich bei der Kontrolle mit gef\u00e4lschten Dokumenten aus. Ermittlungen ergaben, dass er bereits aufgrund von Diebstahls- und Einbruchsdelikten, Fahren ohne Fahrerlaubnis sowie Betrug in f\u00fcnf F\u00e4llen verurteilt worden war.<\/p>\n<p>Kriminalbeamte f\u00fchrten den 33-J\u00e4hrigen ohne festen Wohnsitz noch am Donnerstag dem Haftrichter vor, der einen Untersuchungshaftbefehl erlie\u00df.<\/p>\n<p class=\"contact-headline\">R\u00fcckfragen von Journalisten bitte an:<\/p>\n<p class=\"contact-text\">Polizeipr\u00e4sidium Bielefeld<br \/>Leitungsstab\/ Presse- und \u00d6ffentlichkeitsarbeit<br \/>Kurt-Schumacher-Stra\u00dfe 46<br \/>33615 Bielefeld<\/p>\n<p>Sonja Rehmert (SR), Tel. 0521\/545-3020<br \/>Katja K\u00fcster (KK), Tel. 0521\/545-3195<br \/>Sarah Siedschlag (SI), Tel. 0521\/545-3021<br \/>Michael K\u00f6tter (MK), Tel. 0521\/545-3022<br \/>Hella Christoph (HC), Tel. 0521\/545-3023<br \/>Fabian Rickel (FR), Tel. 0521\/545-3024<br \/>Caroline Steffen (CS), Tel. 0521\/545-3026<br \/>Lukas Reker (LR), Tel. 0521\/545-3222<br \/>Jan Grote (JG), Tel. 0521\/545-3235<\/p>\n<p>E-Mail: <a href=\"https:\/\/www.presseportal.de\/blaulicht\/pm\/12522\/mailto: pressestelle.bielefeld@polizei.nrw.de\" class=\"uri-mailto\" rel=\"nofollow noopener\" target=\"_blank\"> pressestelle.bielefeld@polizei.nrw.de<\/a><br \/><a target=\"_blank\" class=\"uri-ext outbound\" rel=\"noopener nofollow\" href=\"https:\/\/bielefeld.polizei.nrw\/\">https:\/\/bielefeld.polizei.nrw\/<\/a><\/p>\n<p>Au\u00dferhalb der B\u00fcrodienstzeit: Leitstelle, Tel. 0521\/545-0<\/p>\n<p class=\"originator\">Original-Content von: Polizei Bielefeld, \u00fcbermittelt durch news aktuell<\/p>\n","protected":false},"excerpt":{"rendered":"13.06.2025 \u2013 10:15 Polizei Bielefeld Bielefeld (ots) HC\/ Bielefeld- Br\u00f6nninghausen- Am Donnerstag, 12.06.2025, hatten Polizisten das richtige Gesp\u00fcr&hellip;\n","protected":false},"author":2,"featured_media":108,"comment_status":"","ping_status":"","sticky":false,"template":"","format":"standard","meta":{"footnotes":""},"categories":[1841],"tags":[1605,3364,29,30,177,1209,176,121,178,180,179,181],"class_list":{"0":"post-188242","1":"post","2":"type-post","3":"status-publish","4":"format-standard","5":"has-post-thumbnail","7":"category-bielefeld","8":"tag-bielefeld","9":"tag-de","10":"tag-deutschland","11":"tag-germany","12":"tag-kriminalitt","13":"tag-nordrhein-westfalen","14":"tag-nrw","15":"tag-polizei","16":"tag-presse","17":"tag-pressemeldung","18":"tag-pressemitteilung","19":"tag-pressemitteilungen"},"share_on_mastodon":{"url":"https:\/\/pubeurope.com\/@de\/114678568284902658","error":""},"_links":{"self":[{"href":"https:\/\/www.europesays.com\/de\/wp-json\/wp\/v2\/posts\/188242","targetHints":{"allow":["GET"]}}],"collection":[{"href":"https:\/\/www.europesays.com\/de\/wp-json\/wp\/v2\/posts"}],"about":[{"href":"https:\/\/www.europesays.com\/de\/wp-json\/wp\/v2\/types\/post"}],"author":[{"embeddable":true,"href":"https:\/\/www.europesays.com\/de\/wp-json\/wp\/v2\/users\/2"}],"replies":[{"embeddable":true,"href":"https:\/\/www.europesays.com\/de\/wp-json\/wp\/v2\/comments?post=188242"}],"version-history":[{"count":0,"href":"https:\/\/www.europesays.com\/de\/wp-json\/wp\/v2\/posts\/188242\/revisions"}],"wp:featuredmedia":[{"embeddable":true,"href":"https:\/\/www.europesays.com\/de\/wp-json\/wp\/v2\/media\/108"}],"wp:attachment":[{"href":"https:\/\/www.europesays.com\/de\/wp-json\/wp\/v2\/media?parent=188242"}],"wp:term":[{"taxonomy":"category","embeddable":true,"href":"https:\/\/www.europesays.com\/de\/wp-json\/wp\/v2\/categories?post=188242"},{"taxonomy":"post_tag","embeddable":true,"href":"https:\/\/www.europesays.com\/de\/wp-json\/wp\/v2\/tags?post=188242"}],"curies":[{"name":"wp","href":"https:\/\/api.w.org\/{rel}","templated":true}]}}