{"id":188383,"date":"2025-06-14T00:24:16","date_gmt":"2025-06-14T00:24:16","guid":{"rendered":"https:\/\/www.europesays.com\/de\/188383\/"},"modified":"2025-06-14T00:24:16","modified_gmt":"2025-06-14T00:24:16","slug":"familie-hofft-auf-spender-fuer-kranke-kira","status":"publish","type":"post","link":"https:\/\/www.europesays.com\/de\/188383\/","title":{"rendered":"Familie hofft auf Spender f\u00fcr kranke Kira"},"content":{"rendered":"<p class=\"paragraph --regular --color\" data-v-a4a747d8=\"\" data-v-0c32301e=\"\">Die Familie versucht, sich der Situation so gut es geht anzupassen: Im Familienbus, ein VW T6, soll eine weitere Sitzbank eingebaut werden, da Kira nicht zwischen den Kindersitzen ihrer kleinen Geschwister sitzen kann, jeder Sto\u00df l\u00e4sst sie blau anlaufen. In ihrem Zimmer wurden die Fenster mit neuen Rolll\u00e4den ausgestattet, im Badezimmer sind notwendige Umbauten geplant, die Kira das Leben erleichtern sollen. Um die damit verbundenen finanziellen Belastungen etwas abzufangen, haben Daniela und Ehemann Pascal eine Fundraising-Aktion <a rel=\"default noopener\" href=\"https:\/\/gofund.me\/ace2faf8\" target=\"_blank\" data-test-id=\"dnm-link-anchor-tag\">https:\/\/gofund.me\/ace2faf8<\/a> gestartet. \u201eEs f\u00e4llt uns schwer, um finanzielle Unterst\u00fctzung zu bitten, aber Kira hat jetzt nur noch die Klinik, ihre Familie und ihr Zuhause\u201c, sagen die Eltern.<\/p>\n","protected":false},"excerpt":{"rendered":"Die Familie versucht, sich der Situation so gut es geht anzupassen: Im Familienbus, ein VW T6, soll eine&hellip;\n","protected":false},"author":2,"featured_media":188384,"comment_status":"","ping_status":"","sticky":false,"template":"","format":"standard","meta":{"footnotes":""},"categories":[1843],"tags":[5650,5651,5652,5654,5655,3364,29,30,5660,5656,5653,5657,1427,8970,14,5659,1209,5658,5661,4544,5662],"class_list":{"0":"post-188383","1":"post","2":"type-post","3":"status-publish","4":"format-standard","5":"has-post-thumbnail","7":"category-muenster","8":"tag-alzey","9":"tag-bad-kreuznach","10":"tag-bad-sobernheim","11":"tag-bingen","12":"tag-buerstadt","13":"tag-de","14":"tag-deutschland","15":"tag-germany","16":"tag-guntersblum","17":"tag-ingelheim","18":"tag-kirn","19":"tag-lampertheim","20":"tag-mainz","21":"tag-muenster","22":"tag-nachrichten","23":"tag-nierstein","24":"tag-nordrhein-westfalen","25":"tag-oppenheim","26":"tag-ruesselsheim","27":"tag-wiesbaden","28":"tag-worms"},"share_on_mastodon":{"url":"https:\/\/pubeurope.com\/@de\/114678874968115571","error":""},"_links":{"self":[{"href":"https:\/\/www.europesays.com\/de\/wp-json\/wp\/v2\/posts\/188383","targetHints":{"allow":["GET"]}}],"collection":[{"href":"https:\/\/www.europesays.com\/de\/wp-json\/wp\/v2\/posts"}],"about":[{"href":"https:\/\/www.europesays.com\/de\/wp-json\/wp\/v2\/types\/post"}],"author":[{"embeddable":true,"href":"https:\/\/www.europesays.com\/de\/wp-json\/wp\/v2\/users\/2"}],"replies":[{"embeddable":true,"href":"https:\/\/www.europesays.com\/de\/wp-json\/wp\/v2\/comments?post=188383"}],"version-history":[{"count":0,"href":"https:\/\/www.europesays.com\/de\/wp-json\/wp\/v2\/posts\/188383\/revisions"}],"wp:featuredmedia":[{"embeddable":true,"href":"https:\/\/www.europesays.com\/de\/wp-json\/wp\/v2\/media\/188384"}],"wp:attachment":[{"href":"https:\/\/www.europesays.com\/de\/wp-json\/wp\/v2\/media?parent=188383"}],"wp:term":[{"taxonomy":"category","embeddable":true,"href":"https:\/\/www.europesays.com\/de\/wp-json\/wp\/v2\/categories?post=188383"},{"taxonomy":"post_tag","embeddable":true,"href":"https:\/\/www.europesays.com\/de\/wp-json\/wp\/v2\/tags?post=188383"}],"curies":[{"name":"wp","href":"https:\/\/api.w.org\/{rel}","templated":true}]}}