{"id":188838,"date":"2025-06-14T04:51:12","date_gmt":"2025-06-14T04:51:12","guid":{"rendered":"https:\/\/www.europesays.com\/de\/188838\/"},"modified":"2025-06-14T04:51:12","modified_gmt":"2025-06-14T04:51:12","slug":"fraenkisches-bierfest-2025-in-nuernberg-preise-programm-und-oeffnungszeiten","status":"publish","type":"post","link":"https:\/\/www.europesays.com\/de\/188838\/","title":{"rendered":"Fr\u00e4nkisches Bierfest 2025 in N\u00fcrnberg: Preise, Programm und \u00d6ffnungszeiten"},"content":{"rendered":"<p>Europas &#8222;l\u00e4ngster Biergarten&#8220; <\/p>\n<p>Alle Infos zum Fr\u00e4nkischen Bierfest: Vom Programm bis zum Preis<\/p>\n<p>14.06.2025 &#8211; 06:00 UhrLesedauer: 3 Min.<\/p>\n<p><a href=\"#focus-0\" class=\"transition-colors duration-200 focus-within:text-magenta block text-current relative\" data-sctrack=\"FocusGalleryImage.Reference\"><img fetchpriority=\"high\" data-testid=\"Opener.Image\" style=\"--lqipURL:url('https:\/\/images.t-online.de\/2025\/06\/nMh9cGfle-Pr\/0x750:4000x2250\/fit-in\/150x0\/filters:blur(25)\/aufbau-des-bierfests-archivbild-das-fest-findet-im-burggraben-hinter-der-kaiserburg-statt.jpg')\"   loading=\"eager\" src=\"https:\/\/www.europesays.com\/de\/wp-content\/uploads\/2025\/06\/aufbau-des-bierfests-archivbild-das-fest-findet-im-burggraben-hinter-der-kaiserburg-statt.jpg\" alt=\"Aufbau des Bierfests (Archivbild): Das Fest findet im Burggraben hinter der Kaiserburg statt.\" title=\"Aufbau des Bierfests (Archivbild): Das Fest findet im Burggraben hinter der Kaiserburg statt.\" width=\"4000\" height=\"2250\" class=\"bg-[url:var(--lqipURL)] bg-cover bg-center flex w-full max-w-full h-full\" decoding=\"async\"\/><img style=\"--width:32;--height:32\" loading=\"lazy\" src=\"https:\/\/www.t-online.de\/s\/paper\/_next\/static\/media\/zoom-in.f7dae02f.svg\" alt=\"Vergr\u00f6\u00dfern des Bildes\" title=\"Vergr\u00f6\u00dfern des Bildes\" class=\"&#10;        block&#10;        h-[calc(var(--height)_\/_16_*_1rem)]&#10;        w-[calc(var(--width)_\/_16_*_1rem)]&#10;        max-w-none&#10;        absolute bottom-8 right-8 rounded-4 bg-snow p-8\" decoding=\"async\"\/><\/a><\/p>\n<p>Aufbau des Bierfests (Archivbild): Das Fest findet im Burggraben hinter der Kaiserburg statt. (Quelle: Daniel Salg)<\/p>\n<p class=\"font-bold text-18 leading-17\">Der Countdown l\u00e4uft: Am Mittwoch \u00f6ffnet der &#8222;l\u00e4ngste Biergarten&#8220; Europas erneut in N\u00fcrnberg. Alles Wichtige zur Pflichtveranstaltung f\u00fcr Fans des Gerstensafts.<\/p>\n<p class=\"text-18 leading-17\">Das Fr\u00e4nkische Bierfest kehrt in den N\u00fcrnberger Burggraben zur\u00fcck. Vom 18. bis 22. Juni finden sich Dutzende handwerkliche und privat gef\u00fchrte Brauereien am Fu\u00dfe der N\u00fcrnberger Kaiserburg zusammen. Sie schenken unz\u00e4hlige verschiedene Biersorten aus. t-online hat alle Informationen zum Spektakel gesammelt \u2013 vom Bierpreis bis zum <a class=\"transition-colors duration-200 cursor-pointer text-inherit no-underline text-salemsfur md:hover:text-magenta md:hover:border-magenta md:focus:text-magenta border-current border-b border-solid break-words\" href=\"https:\/\/www.t-online.de\/wetter\" data-sctrack=\"BodyAnchor\" target=\"_blank\" rel=\"noopener\">Wetter<\/a>.<\/p>\n<p class=\"text-18 leading-17\">Insgesamt sind rund 50 Brauereien dabei: von bekannteren Namen wie Schanzenbr\u00e4u, Pyraser und Gutmann \u00fcber unbekanntere Brauereien aus der Fr\u00e4nkischen Schweiz wie Lindenbr\u00e4u oder die Brauerei Mager bis hin zu den N\u00fcrnberger Craftbeerbrauern von Orca oder der Braumanufaktur Hertl aus Schl\u00fcsselfeld. Deren Inhaber David Hertl sagte t-online im vergangen Jahr: &#8222;Es gibt beim Bierfest so viele gute Brauereien auf einem Fleck. Hier ist f\u00fcr jeden Geschmack etwas dabei. So etwas gibt es weltweit nicht noch einmal.&#8220;<\/p>\n<p class=\"text-18 leading-17\">\u00c4hnliche T\u00f6ne schl\u00e4gt auch Veranstalter Thomas Landherr an. Er sagte t-online 2024, dass das Fest gerade wegen der vielen kleinen Brauereien beliebt sei. &#8222;Wir leben in der Region mit der h\u00f6chsten Brauereidichte. Das ist die Essenz unseres Kulturgutes&#8220;, meint Landherr.<\/p>\n<p class=\"text-18 leading-17\">Neben den heimischen Brauereien begr\u00fc\u00dft das Bierfest auch wieder G\u00e4ste: Die Oldskool Brewery aus den Niederlanden ist in diesem Jahr schon zum zweiten Mal dabei. Auch Brauereien aus <a class=\"transition-colors duration-200 cursor-pointer text-inherit no-underline text-salemsfur md:hover:text-magenta md:hover:border-magenta md:focus:text-magenta border-current border-b border-solid break-words\" href=\"https:\/\/www.t-online.de\/themen\/tschechien\/\" data-sctrack=\"BodyAnchor\" target=\"_blank\" rel=\"noopener\">Tschechien<\/a> und <a class=\"transition-colors duration-200 cursor-pointer text-inherit no-underline text-salemsfur md:hover:text-magenta md:hover:border-magenta md:focus:text-magenta border-current border-b border-solid break-words\" href=\"https:\/\/www.t-online.de\/themen\/polen\/\" data-sctrack=\"BodyAnchor\" target=\"_blank\" rel=\"noopener\">Polen<\/a> reisen f\u00fcr das Fest nach <a class=\"transition-colors duration-200 cursor-pointer text-inherit no-underline text-salemsfur md:hover:text-magenta md:hover:border-magenta md:focus:text-magenta border-current border-b border-solid break-words\" href=\"https:\/\/www.t-online.de\/region\/nuernberg\/\" data-sctrack=\"BodyAnchor\" target=\"_blank\" rel=\"noopener\">N\u00fcrnberg<\/a>.<\/p>\n<p class=\"text-18 leading-17\">Wer keinen Alkohol trinken will, kann sich ab Mittwoch ebenfalls im Burggraben durchprobieren. Denn auch alkoholfreie Biere werden mittlerweile auf dem Bierfest ausgeschenkt, so der Veranstalter. Diese l\u00e4gen im Trend, auch kleinere Brauereien haben mittlerweile alkoholfreie Varianten im Angebot, betonte Landherr bereits 2024.<\/p>\n<p class=\"text-18 leading-17\">F\u00fcr ein Seidla werden auf dem Bierfest nach Angaben von Brauer Hertl f\u00fcnf Euro f\u00e4llig \u2013 der Preis bleibt damit bereits das dritte Jahr in Folge konstant. Veranstalter Landherr rechnete 2024 vor, dass die Ma\u00df (also ein Liter) dann zehn Euro kosten w\u00fcrde. Das sei f\u00fcr ein Fest mitten in der Innenstadt &#8222;immer noch fair&#8220;.<\/p>\n<p class=\"text-18 leading-17\">Wer Hunger versp\u00fcrt, wird an verschiedenen Essensst\u00e4nden f\u00fcndig. Neben fr\u00e4nkischen Klassikern finden Besucher dort unter anderem orientalische Spezialit\u00e4ten, einen Veggie- Stand und einen Stand mit Handbrot.<\/p>\n<p class=\"text-18 leading-17\">Der Startschuss f\u00fcr das Bierfest f\u00e4llt traditionell am Tag vor <a class=\"transition-colors duration-200 cursor-pointer text-inherit no-underline text-salemsfur md:hover:text-magenta md:hover:border-magenta md:focus:text-magenta border-current border-b border-solid break-words\" href=\"https:\/\/www.t-online.de\/leben\/familie\/freizeit\/id_74249268\/fronleichnam-2024-bedeutung-des-feiertags-und-wo-er-gefeiert-wird.html\" data-sctrack=\"BodyAnchor\" target=\"_blank\" rel=\"noopener\">Fronleichnam<\/a> \u2013 am Mittwoch (18. Juni) wird im Burggraben zwischen 17 und 23 Uhr gefeiert, am Feiertag selbst geht es schon um 11 Uhr los. Freitag (20. Juni) startet das Fest erst um 14 Uhr, am darauffolgenden Samstag wieder um 11. Am letzten Festtag \u2013 dem Sonntag (22. Juni) \u2013 ist um 20 Uhr Schluss.<\/p>\n<p class=\"text-18 leading-17\">Wer ausgiebig Bier probieren will, reist am besten mit den \u00f6ffentlichen Verkehrsmitteln an. Die Stra\u00dfenbahnhaltestelle Tierg\u00e4rtnertor (Linie 4 und 10) liegt direkt am Eingang zum Festgel\u00e4nde (extra installierte Treppen f\u00fchren w\u00e4hrend des Fests von dort hinab in den Burggraben).<\/p>\n<p class=\"text-18 leading-17\">Wer mit der U-Bahn kommt, kann an der Lorenzkirche (U1) aussteigen und den Festbesuch mit einem Spaziergang durch die N\u00fcrnberger Altstadt zur Kaiserburg verbinden. Aber Achtung: Zur Burg geht es ein paar Meter recht steil nach oben.<\/p>\n","protected":false},"excerpt":{"rendered":"Europas &#8222;l\u00e4ngster Biergarten&#8220; Alle Infos zum Fr\u00e4nkischen Bierfest: Vom Programm bis zum Preis 14.06.2025 &#8211; 06:00 UhrLesedauer: 3&hellip;\n","protected":false},"author":2,"featured_media":188839,"comment_status":"","ping_status":"","sticky":false,"template":"","format":"standard","meta":{"footnotes":""},"categories":[1837],"tags":[772,2326,62789,3899,15847,62790,62791,3364,29,62792,30,43399,3783],"class_list":{"0":"post-188838","1":"post","2":"type-post","3":"status-publish","4":"format-standard","5":"has-post-thumbnail","7":"category-nuernberg","8":"tag-bayern","9":"tag-bier","10":"tag-bierfest","11":"tag-biergarten","12":"tag-brauerei","13":"tag-burggraben","14":"tag-david-hertl","15":"tag-de","16":"tag-deutschland","17":"tag-fraenkische-schweiz","18":"tag-germany","19":"tag-kaiserburg","20":"tag-nuernberg"},"share_on_mastodon":{"url":"https:\/\/pubeurope.com\/@de\/114679924950698867","error":""},"_links":{"self":[{"href":"https:\/\/www.europesays.com\/de\/wp-json\/wp\/v2\/posts\/188838","targetHints":{"allow":["GET"]}}],"collection":[{"href":"https:\/\/www.europesays.com\/de\/wp-json\/wp\/v2\/posts"}],"about":[{"href":"https:\/\/www.europesays.com\/de\/wp-json\/wp\/v2\/types\/post"}],"author":[{"embeddable":true,"href":"https:\/\/www.europesays.com\/de\/wp-json\/wp\/v2\/users\/2"}],"replies":[{"embeddable":true,"href":"https:\/\/www.europesays.com\/de\/wp-json\/wp\/v2\/comments?post=188838"}],"version-history":[{"count":0,"href":"https:\/\/www.europesays.com\/de\/wp-json\/wp\/v2\/posts\/188838\/revisions"}],"wp:featuredmedia":[{"embeddable":true,"href":"https:\/\/www.europesays.com\/de\/wp-json\/wp\/v2\/media\/188839"}],"wp:attachment":[{"href":"https:\/\/www.europesays.com\/de\/wp-json\/wp\/v2\/media?parent=188838"}],"wp:term":[{"taxonomy":"category","embeddable":true,"href":"https:\/\/www.europesays.com\/de\/wp-json\/wp\/v2\/categories?post=188838"},{"taxonomy":"post_tag","embeddable":true,"href":"https:\/\/www.europesays.com\/de\/wp-json\/wp\/v2\/tags?post=188838"}],"curies":[{"name":"wp","href":"https:\/\/api.w.org\/{rel}","templated":true}]}}