{"id":188985,"date":"2025-06-14T06:16:13","date_gmt":"2025-06-14T06:16:13","guid":{"rendered":"https:\/\/www.europesays.com\/de\/188985\/"},"modified":"2025-06-14T06:16:13","modified_gmt":"2025-06-14T06:16:13","slug":"attacke-auf-afd-stand-zwei-maenner-leicht-verletzt","status":"publish","type":"post","link":"https:\/\/www.europesays.com\/de\/188985\/","title":{"rendered":"Attacke auf AfD-Stand \u2013 zwei M\u00e4nner leicht verletzt"},"content":{"rendered":"<p>Vorfall in Dresden <\/p>\n<p>Attacke auf AfD-Stand: Zwei M\u00e4nner leicht verletzt<\/p>\n<p>14.06.2025 &#8211; 07:27 UhrLesedauer: 1 Min.<\/p>\n<p><a href=\"#focus-0\" class=\"transition-colors duration-200 focus-within:text-magenta block text-current relative\" data-sctrack=\"FocusGalleryImage.Reference\"><img fetchpriority=\"high\" data-testid=\"Opener.Image\" style=\"--lqipURL:url('https:\/\/images.t-online.de\/2025\/06\/SQgQW9XT25L8\/0x208:4000x2250\/fit-in\/150x0\/filters:blur(25)\/ein-infostand-der-afd-archivbild-in-dresden-sind-zwei-maenner-angegriffen-worden.jpg')\"   loading=\"eager\" src=\"https:\/\/www.europesays.com\/de\/wp-content\/uploads\/2025\/06\/ein-infostand-der-afd-archivbild-in-dresden-sind-zwei-maenner-angegriffen-worden.jpg\" alt=\"Ein Infostand der AfD (Archivbild): In Dresden sind zwei M\u00e4nner angegriffen worden.\" title=\"Ein Infostand der AfD (Archivbild): In Dresden sind zwei M\u00e4nner angegriffen worden.\" width=\"4000\" height=\"2250\" class=\"bg-[url:var(--lqipURL)] bg-cover bg-center flex w-full max-w-full h-full\" decoding=\"async\"\/><img style=\"--width:32;--height:32\" loading=\"lazy\" src=\"https:\/\/www.t-online.de\/s\/paper\/_next\/static\/media\/zoom-in.f7dae02f.svg\" alt=\"Vergr\u00f6\u00dfern des Bildes\" title=\"Vergr\u00f6\u00dfern des Bildes\" class=\"&#10;        block&#10;        h-[calc(var(--height)_\/_16_*_1rem)]&#10;        w-[calc(var(--width)_\/_16_*_1rem)]&#10;        max-w-none&#10;        absolute bottom-8 right-8 rounded-4 bg-snow p-8\" decoding=\"async\"\/><\/a><\/p>\n<p>Ein Infostand der AfD (Archivbild): In Dresden sind zwei M\u00e4nner angegriffen worden. (Quelle: IMAGO\/Michael Gstettenbauer)<\/p>\n<p class=\"font-bold text-18 leading-17\">Im S\u00fcdosten von Dresden p\u00f6belt ein Mann laut Polizei an einem Stand der AfD. Im weiteren Verlauf entwickelt sich eine Rangelei zwischen ihm und zwei M\u00e4nnern.<\/p>\n<p class=\"text-18 leading-17\">In <a class=\"transition-colors duration-200 cursor-pointer text-inherit no-underline text-salemsfur md:hover:text-magenta md:hover:border-magenta md:focus:text-magenta border-current border-b border-solid break-words\" href=\"https:\/\/www.t-online.de\/region\/dresden\/\" data-sctrack=\"BodyAnchor\" target=\"_blank\" rel=\"noopener\">Dresden<\/a> hat am Freitagnachmittag ein 50-J\u00e4hriger zwei M\u00e4nner an einem AfD-Infostand attackiert. Zu dem Vorfall kam es gegen 16.10 Uhr im Stadtteil Prohlis, schreibt die Polizei in einer Pressemitteilung. Gegen den Tatverd\u00e4chtigen werde nun ermittelt.<\/p>\n<p class=\"text-18 leading-17\">Der 50-J\u00e4hrige soll zun\u00e4chst mit provozierenden \u00c4u\u00dferungen an die Betreiber des Infostandes herangetreten sein. Die Aufforderungen der zwei M\u00e4nner, der 50-J\u00e4hrige solle den Ort verlassen, habe der Tatverd\u00e4chtige ignoriert. Nachdem ein 55-j\u00e4hriger Standbetreiber den Mann laut Polizei zur\u00fcckgedr\u00e4ngt hatte, soll der Tatverd\u00e4chtige Kaffee aus einem Becher auf den 55-J\u00e4hrigen gesch\u00fcttet haben. Der Tatverd\u00e4chtige habe fliehen wollen, als der Standbetreiber mit der Polizei drohte. Der 55-J\u00e4hrige und ein weiterer Standbetreiber im Alter von 54 Jahren sollen den Mann daraufhin festgehalten haben.<\/p>\n<p class=\"text-18 leading-17\">Laut Polizei entwickelte sich anschlie\u00dfend eine Rangelei. Der 50-J\u00e4hrige soll sich mit Schl\u00e4gen und Tritten gegen das Festhalten gewehrt haben. Ein unbekannter Mann sei dem Tatverd\u00e4chtigen zu Hilfe gekommen. Dieser soll den 54-J\u00e4hrigen geschubst und anschlie\u00dfend davongelaufen sein.<\/p>\n<p class=\"text-18 leading-17\">Bei dem Vorfall wurden die beiden Standbetreiber laut Polizei leicht verletzt. Sie hielten den 50-J\u00e4hrigen dennoch bis zum Eintreffen der Beamten am Ort des Vorfalls. Die Polizisten stellten den Angaben zufolge Anzeigen gegen den Mann aus. Au\u00dferdem sprachen sie ihm laut den Beamten einen Platzverweis aus. Die Polizei nahm die Ermittlungen zu den Hintergr\u00fcnden der Tat auf. Zudem sucht sie nach dem Unbekannten, der in die Rangelei eingriff.<\/p>\n","protected":false},"excerpt":{"rendered":"Vorfall in Dresden Attacke auf AfD-Stand: Zwei M\u00e4nner leicht verletzt 14.06.2025 &#8211; 07:27 UhrLesedauer: 1 Min. Ein Infostand&hellip;\n","protected":false},"author":2,"featured_media":188986,"comment_status":"","ping_status":"","sticky":false,"template":"","format":"standard","meta":{"footnotes":""},"categories":[1835],"tags":[186,3110,3364,29,2386,30,25348,121,24768,859,27609],"class_list":{"0":"post-188985","1":"post","2":"type-post","3":"status-publish","4":"format-standard","5":"has-post-thumbnail","7":"category-dresden","8":"tag-afd","9":"tag-attacke","10":"tag-de","11":"tag-deutschland","12":"tag-dresden","13":"tag-germany","14":"tag-infostand","15":"tag-polizei","16":"tag-rangelei","17":"tag-sachsen","18":"tag-suedosten"},"share_on_mastodon":{"url":"https:\/\/pubeurope.com\/@de\/114680259346300608","error":""},"_links":{"self":[{"href":"https:\/\/www.europesays.com\/de\/wp-json\/wp\/v2\/posts\/188985","targetHints":{"allow":["GET"]}}],"collection":[{"href":"https:\/\/www.europesays.com\/de\/wp-json\/wp\/v2\/posts"}],"about":[{"href":"https:\/\/www.europesays.com\/de\/wp-json\/wp\/v2\/types\/post"}],"author":[{"embeddable":true,"href":"https:\/\/www.europesays.com\/de\/wp-json\/wp\/v2\/users\/2"}],"replies":[{"embeddable":true,"href":"https:\/\/www.europesays.com\/de\/wp-json\/wp\/v2\/comments?post=188985"}],"version-history":[{"count":0,"href":"https:\/\/www.europesays.com\/de\/wp-json\/wp\/v2\/posts\/188985\/revisions"}],"wp:featuredmedia":[{"embeddable":true,"href":"https:\/\/www.europesays.com\/de\/wp-json\/wp\/v2\/media\/188986"}],"wp:attachment":[{"href":"https:\/\/www.europesays.com\/de\/wp-json\/wp\/v2\/media?parent=188985"}],"wp:term":[{"taxonomy":"category","embeddable":true,"href":"https:\/\/www.europesays.com\/de\/wp-json\/wp\/v2\/categories?post=188985"},{"taxonomy":"post_tag","embeddable":true,"href":"https:\/\/www.europesays.com\/de\/wp-json\/wp\/v2\/tags?post=188985"}],"curies":[{"name":"wp","href":"https:\/\/api.w.org\/{rel}","templated":true}]}}