{"id":189120,"date":"2025-06-14T07:30:09","date_gmt":"2025-06-14T07:30:09","guid":{"rendered":"https:\/\/www.europesays.com\/de\/189120\/"},"modified":"2025-06-14T07:30:09","modified_gmt":"2025-06-14T07:30:09","slug":"gepaeckanlage-am-flughafen-koeln-bonn-ist-ausgefallen","status":"publish","type":"post","link":"https:\/\/www.europesays.com\/de\/189120\/","title":{"rendered":"Gep\u00e4ckanlage am Flughafen K\u00f6ln\/Bonn ist ausgefallen"},"content":{"rendered":"<p>Gep\u00e4ckband streikt &#8211; Reisende sa\u00dfen fest<\/p>\n<p>Stunden sp\u00e4ter konnten die Urlauber aufatmen, dann waren die Probleme mit der Gep\u00e4ckaufgabe behoben. Wie der Airport mitteilt, werde der R\u00fcckstau jetzt nach und nach abgearbeitet. Am Samstagmorgen war in Terminal 2 die Sortieranlage f\u00fcr das Gep\u00e4ck ausgefallen. Check-in und Gep\u00e4ckaufgabe waren zeitweise nicht m\u00f6glich. Lange Warteschlangen vor den Schaltern waren die Folge. RBRS-H\u00f6rer berichteten uns von chaotischen Zust\u00e4nden, und von vielen Urlaubern, die ihre Fl\u00fcge durch das Chaos nicht mehr erreicht haben und umbuchen mussten<\/p>\n","protected":false},"excerpt":{"rendered":"Gep\u00e4ckband streikt &#8211; Reisende sa\u00dfen fest Stunden sp\u00e4ter konnten die Urlauber aufatmen, dann waren die Probleme mit der&hellip;\n","protected":false},"author":2,"featured_media":189121,"comment_status":"","ping_status":"","sticky":false,"template":"","format":"standard","meta":{"footnotes":""},"categories":[1842],"tags":[62850,4473,1741,3364,29,44072,30,1209],"class_list":{"0":"post-189120","1":"post","2":"type-post","3":"status-publish","4":"format-standard","5":"has-post-thumbnail","7":"category-bonn","8":"tag-gepck","9":"tag-airport","10":"tag-bonn","11":"tag-de","12":"tag-deutschland","13":"tag-flughafen-kln-bonn","14":"tag-germany","15":"tag-nordrhein-westfalen"},"share_on_mastodon":{"url":"https:\/\/pubeurope.com\/@de\/114680550065363499","error":""},"_links":{"self":[{"href":"https:\/\/www.europesays.com\/de\/wp-json\/wp\/v2\/posts\/189120","targetHints":{"allow":["GET"]}}],"collection":[{"href":"https:\/\/www.europesays.com\/de\/wp-json\/wp\/v2\/posts"}],"about":[{"href":"https:\/\/www.europesays.com\/de\/wp-json\/wp\/v2\/types\/post"}],"author":[{"embeddable":true,"href":"https:\/\/www.europesays.com\/de\/wp-json\/wp\/v2\/users\/2"}],"replies":[{"embeddable":true,"href":"https:\/\/www.europesays.com\/de\/wp-json\/wp\/v2\/comments?post=189120"}],"version-history":[{"count":0,"href":"https:\/\/www.europesays.com\/de\/wp-json\/wp\/v2\/posts\/189120\/revisions"}],"wp:featuredmedia":[{"embeddable":true,"href":"https:\/\/www.europesays.com\/de\/wp-json\/wp\/v2\/media\/189121"}],"wp:attachment":[{"href":"https:\/\/www.europesays.com\/de\/wp-json\/wp\/v2\/media?parent=189120"}],"wp:term":[{"taxonomy":"category","embeddable":true,"href":"https:\/\/www.europesays.com\/de\/wp-json\/wp\/v2\/categories?post=189120"},{"taxonomy":"post_tag","embeddable":true,"href":"https:\/\/www.europesays.com\/de\/wp-json\/wp\/v2\/tags?post=189120"}],"curies":[{"name":"wp","href":"https:\/\/api.w.org\/{rel}","templated":true}]}}