{"id":189881,"date":"2025-06-14T14:32:15","date_gmt":"2025-06-14T14:32:15","guid":{"rendered":"https:\/\/www.europesays.com\/de\/189881\/"},"modified":"2025-06-14T14:32:15","modified_gmt":"2025-06-14T14:32:15","slug":"polit-streit-um-tische-im-hofgarten","status":"publish","type":"post","link":"https:\/\/www.europesays.com\/de\/189881\/","title":{"rendered":"Polit-Streit um Tische im Hofgarten"},"content":{"rendered":"<p class=\"text_ohne_einzug richtext text-em-55 !leading-serif mx-6 desktop:mx-0\">Michelangelo Palmieri ist Gastronom und kein Politiker, aber was jetzt gerade im Ausschuss f\u00fcr \u00d6ffentliche Einrichtungen passiert, macht ihn w\u00fctend: \u201eDie Linke\u201c hat eine Anfrage zu seiner Terrasse im Hofgarten gestellt \u2013 weil sie der Fraktion nicht passt. \u201eWo ist die Linke denn, wenn Kinder auf eine \u00f6ffentliche Toilette im Hofgarten wollen und auf einen Junkie treffen, der sich da die Spritze setzt\u201c, fragt Palmieri.<\/p>\n","protected":false},"excerpt":{"rendered":"Michelangelo Palmieri ist Gastronom und kein Politiker, aber was jetzt gerade im Ausschuss f\u00fcr \u00d6ffentliche Einrichtungen passiert, macht&hellip;\n","protected":false},"author":2,"featured_media":189882,"comment_status":"","ping_status":"","sticky":false,"template":"","format":"standard","meta":{"footnotes":""},"categories":[1831],"tags":[30539,3364,29,3405,17015,30,5563,62990,3744,2180,29389,1209,62989,11287,10054],"class_list":{"0":"post-189881","1":"post","2":"type-post","3":"status-publish","4":"format-standard","5":"has-post-thumbnail","7":"category-duesseldorf","8":"tag-ausschuss","9":"tag-de","10":"tag-deutschland","11":"tag-duesseldorf","12":"tag-fraktion","13":"tag-germany","14":"tag-hofgarten","15":"tag-junkie","16":"tag-keller","17":"tag-linke","18":"tag-michelangelo","19":"tag-nordrhein-westfalen","20":"tag-palmieri","21":"tag-terrasse","22":"tag-toilette"},"share_on_mastodon":{"url":"https:\/\/pubeurope.com\/@de\/114682209506501274","error":""},"_links":{"self":[{"href":"https:\/\/www.europesays.com\/de\/wp-json\/wp\/v2\/posts\/189881","targetHints":{"allow":["GET"]}}],"collection":[{"href":"https:\/\/www.europesays.com\/de\/wp-json\/wp\/v2\/posts"}],"about":[{"href":"https:\/\/www.europesays.com\/de\/wp-json\/wp\/v2\/types\/post"}],"author":[{"embeddable":true,"href":"https:\/\/www.europesays.com\/de\/wp-json\/wp\/v2\/users\/2"}],"replies":[{"embeddable":true,"href":"https:\/\/www.europesays.com\/de\/wp-json\/wp\/v2\/comments?post=189881"}],"version-history":[{"count":0,"href":"https:\/\/www.europesays.com\/de\/wp-json\/wp\/v2\/posts\/189881\/revisions"}],"wp:featuredmedia":[{"embeddable":true,"href":"https:\/\/www.europesays.com\/de\/wp-json\/wp\/v2\/media\/189882"}],"wp:attachment":[{"href":"https:\/\/www.europesays.com\/de\/wp-json\/wp\/v2\/media?parent=189881"}],"wp:term":[{"taxonomy":"category","embeddable":true,"href":"https:\/\/www.europesays.com\/de\/wp-json\/wp\/v2\/categories?post=189881"},{"taxonomy":"post_tag","embeddable":true,"href":"https:\/\/www.europesays.com\/de\/wp-json\/wp\/v2\/tags?post=189881"}],"curies":[{"name":"wp","href":"https:\/\/api.w.org\/{rel}","templated":true}]}}