{"id":190357,"date":"2025-06-14T18:51:10","date_gmt":"2025-06-14T18:51:10","guid":{"rendered":"https:\/\/www.europesays.com\/de\/190357\/"},"modified":"2025-06-14T18:51:10","modified_gmt":"2025-06-14T18:51:10","slug":"hallenboden-eine-katastrophe-fuechse-berlin-erheben-nach-gidsel-rot-schwere-vorwuerfe","status":"publish","type":"post","link":"https:\/\/www.europesays.com\/de\/190357\/","title":{"rendered":"Hallenboden eine &#8222;Katastrophe&#8220;: F\u00fcchse Berlin erheben nach Gidsel-Rot schwere Vorw\u00fcrfe"},"content":{"rendered":"<p>                    Update<br \/>\n                    Hallenboden eine &#8222;Katastrophe&#8220;<br \/>\n                F\u00fcchse Berlin erheben nach Gidsel-Rot schwere Vorw\u00fcrfe<\/p>\n<p>\t\t\t\t              14.06.2025, 19:09 Uhr<\/p>\n<p><strong>Gnadenlos fertigen die F\u00fcchse Berlin den Gegner aus Nantes im Halbfinale der Champions League ab. Und das, obwohl Welthandballer Mathias Gidsel nach acht Minuten Rot sieht. Die Entscheidung der Schiedsrichter ist nicht das, was das Team auf die Palme bringt. Die Wut hat einen anderen Grund. <\/strong><\/p>\n<p>Nach der Partie h\u00fcpfte Mathias Gidsel seinem Team wie entfesselt in die Arme. Endlich durfte er den Hallenboden wieder betreten. Der Welthandballer hatte mehr als 50 Minuten lang zusehen m\u00fcssen, wie die F\u00fcchse Berlin ohne ihn den Einzug ins Finale der Champions League klarmachen. Das gelang mehr als eindrucksvoll: 34:24 hie\u00df es am Ende gegen den franz\u00f6sischen Vizemeister HBC Nantes. Wieder einmal war der frisch gebackene Deutsche Meister gnadenlos \u00fcber einen Gegner hinweggefegt. Mit einem Unterschied: ohne Gidsel. <\/p>\n<p>Der D\u00e4ne hatte nach nur acht Minuten die Rote Karte gesehen. Er war ausgerutscht und hatte seinen Gegner Kauldi Odriozola am Kreis weggegr\u00e4tscht. Ungl\u00fccklich, unabsichtlich, aber: &#8222;Da muss man auf die Schiedsrichter vertrauen. Das war eine Rote Karte.&#8220; So wie Gidsel es selbst sagte, war es auch die einhellige Meinung der anderen F\u00fcchse. Auch Gesch\u00e4ftsf\u00fchrer Bob Hanning best\u00e4tigte, die Entscheidung der Schiedsrichter sei regelkonform gewesen. &#8222;Hart, aber vertretbar&#8220;, so sein Urteil. <\/p>\n<p>Rutsch-Gate wiederholt sich sogar<\/p>\n<p>Wenn also alles richtig gelaufen ist &#8211; warum gab es dann trotzdem Aufregung? Weil Gidsel eben ausgerutscht war &#8211; nicht das einzige Mal in der Partie, dass ein Spieler auf dem Boden rutschte. &#8222;Das war wirklich eine Katastrophe. Man hat schon beim Warm-up und im gesamten Spiel gesehen, dass hier etwas ganz falsch ist&#8220;, so Gidsel.<\/p>\n<p>Auch Hanning sagte: &#8222;Das war kein Champions-League-Boden, auf dem heute gespielt wurde.&#8220; Er hoffe, dass bis morgen zum Finale und zuvor zum Spiel um Platz drei nachgebessert werde. Seine Begr\u00fcndung f\u00fcr den rutschigen Hallenboden: Das Feuerwerk, das kurz vor Anpfiff als Teil der Er\u00f6ffnungsshow abgebrannt wurde, hat den Boden glatt gemacht. &#8222;Ich bin Gott dankbar, dass es hier nicht mehr Verletzte gegeben hat&#8220;, so Hanning. <\/p>\n<p>Und das Absurde wiederholte sich sogar. Im zweiten Halbfinale zwischen dem SC Magdeburg und dem FC Barcelona (31:30) liefen die letzten Minuten, als der Katalane Aitor Arino genauso ausrutschte und seinem Gegner zwischen die Beine gr\u00e4tschte. Auch der 32-J\u00e4hrige, der ab der kommenden Saison bei den F\u00fcchsen Berlin spielt, sah Rot. <\/p>\n<p>&#8222;Schwerste eineinhalb Stunden meiner Karriere&#8220;<\/p>\n<p>F\u00fcr Gidsel bedeutete die Rote Karte, dass er den Rest des Spiels von der Trib\u00fcne aus ansehen musste. Eine v\u00f6llig ungewohnte Situation f\u00fcr den 26-J\u00e4hrigen, der anschlie\u00dfend sagte: &#8222;Das waren die schwersten eineinhalb Stunden in meiner Karriere f\u00fcr mich. Es ist ein Traum f\u00fcr mich, f\u00fcr den Verein hier zu spielen.&#8220;<\/p>\n<p>Doch seine F\u00fcchse schonten seine Nerven, spielten souver\u00e4n und glanzvoll weiter. &#8222;Wie die Mannschaft das gel\u00f6st hat, in welcher Art und Weise jeder Verantwortung \u00fcbernommen hat, das war schon stark&#8220;, so Sportvorstand Stefan Kretzschmar. Denn: &#8222;Niemand wei\u00df ja, wie wir spielen, wenn wir ohne Gidsel spielen, weil wir in den letzten Wochen und Monaten nie ohne Gidsel spielen mussten.&#8220;<\/p>\n<p>Nach dem Sieg betonen nun alle Berliner das Positive an der Roten Karte: Gidsel hatte Zeit zum Erholen. &#8222;Klar, das ist ein Vorteil f\u00fcr mich, dass ich ein bisschen Energie sparen konnte.&#8220; Denn am Sonntag darf er im Finale (18 Uhr\/Dyn, DAZN, DF1) wieder mitmischen &#8211; im Handball geht die Rote Karte nur mit der Sperre f\u00fcrs laufende Spiel einher. Der MVP der Bundesliga-Saison hofft, dass er dann mehr als zehn Minuten Spielzeit bekommt: &#8222;Denn ich will zeigen, dass ich auch dabei war.&#8220; <\/p>\n","protected":false},"excerpt":{"rendered":"Update Hallenboden eine &#8222;Katastrophe&#8220; F\u00fcchse Berlin erheben nach Gidsel-Rot schwere Vorw\u00fcrfe 14.06.2025, 19:09 Uhr Gnadenlos fertigen die F\u00fcchse&hellip;\n","protected":false},"author":2,"featured_media":190358,"comment_status":"","ping_status":"","sticky":false,"template":"","format":"standard","meta":{"footnotes":""},"categories":[1825],"tags":[296,468,29,30,1391,265],"class_list":{"0":"post-190357","1":"post","2":"type-post","3":"status-publish","4":"format-standard","5":"has-post-thumbnail","7":"category-berlin","8":"tag-berlin","9":"tag-champions-league","10":"tag-deutschland","11":"tag-germany","12":"tag-handball","13":"tag-sport"},"share_on_mastodon":{"url":"https:\/\/pubeurope.com\/@de\/114683227991976186","error":""},"_links":{"self":[{"href":"https:\/\/www.europesays.com\/de\/wp-json\/wp\/v2\/posts\/190357","targetHints":{"allow":["GET"]}}],"collection":[{"href":"https:\/\/www.europesays.com\/de\/wp-json\/wp\/v2\/posts"}],"about":[{"href":"https:\/\/www.europesays.com\/de\/wp-json\/wp\/v2\/types\/post"}],"author":[{"embeddable":true,"href":"https:\/\/www.europesays.com\/de\/wp-json\/wp\/v2\/users\/2"}],"replies":[{"embeddable":true,"href":"https:\/\/www.europesays.com\/de\/wp-json\/wp\/v2\/comments?post=190357"}],"version-history":[{"count":0,"href":"https:\/\/www.europesays.com\/de\/wp-json\/wp\/v2\/posts\/190357\/revisions"}],"wp:featuredmedia":[{"embeddable":true,"href":"https:\/\/www.europesays.com\/de\/wp-json\/wp\/v2\/media\/190358"}],"wp:attachment":[{"href":"https:\/\/www.europesays.com\/de\/wp-json\/wp\/v2\/media?parent=190357"}],"wp:term":[{"taxonomy":"category","embeddable":true,"href":"https:\/\/www.europesays.com\/de\/wp-json\/wp\/v2\/categories?post=190357"},{"taxonomy":"post_tag","embeddable":true,"href":"https:\/\/www.europesays.com\/de\/wp-json\/wp\/v2\/tags?post=190357"}],"curies":[{"name":"wp","href":"https:\/\/api.w.org\/{rel}","templated":true}]}}