{"id":190492,"date":"2025-06-14T20:12:14","date_gmt":"2025-06-14T20:12:14","guid":{"rendered":"https:\/\/www.europesays.com\/de\/190492\/"},"modified":"2025-06-14T20:12:14","modified_gmt":"2025-06-14T20:12:14","slug":"berlin-tegel-mann-zielt-mit-langwaffe-auf-balkone-regional","status":"publish","type":"post","link":"https:\/\/www.europesays.com\/de\/190492\/","title":{"rendered":"Berlin-Tegel: Mann zielt mit Langwaffe auf Balkone | Regional"},"content":{"rendered":"<p>Berlin \u2013 <b>Die Polizei hat einen 39-J\u00e4hrigen festgenommen, der mit einer vermeintlichen Langwaffe auf Fenster und Balkone zielte.<\/b><\/p>\n<p>Zeugen alarmierten die Beamten, als der Mann am Vormittag an der Kreuzung Namslaustra\u00dfe und Sterkrader Stra\u00dfe mit der Waffe gesehen wurde. Er bewegte sich weiter in Richtung Beckumer Stra\u00dfe und zielte dort auf einen Balkon, auf dem sich eine 65-j\u00e4hrige Frau befand. Gl\u00fccklicherweise kam niemand zu Schaden.<\/p>\n<p>Auch interessant<\/p>\n<p>Anzeige<\/p>\n<p>Auch interessant<\/p>\n<p>Anzeige<\/p>\n<p>Die Polizei ermittelte die Adresse des Mannes in der Beckumer Stra\u00dfe. Bei einer Wohnungsdurchsuchung fanden die Einsatzkr\u00e4fte eine sogenannte Watergun und zwei Schreckschusspistolen.<\/p>\n<p>Der 39-J\u00e4hrige und eine Frau, die sich ebenfalls in der Wohnung aufhielt, wurden kurzzeitig festgenommen und sp\u00e4ter wieder entlassen.<\/p>\n<p>Ein Fachkommissariat der Direktion 1 (Nord) f\u00fchrt die weiteren Ermittlungen.<\/p>\n<p>Dieser Text basiert auf einer offiziellen Beh\u00f6rden-Information und wurde mit Hilfe von KI erstellt.<\/p>\n","protected":false},"excerpt":{"rendered":"Berlin \u2013 Die Polizei hat einen 39-J\u00e4hrigen festgenommen, der mit einer vermeintlichen Langwaffe auf Fenster und Balkone zielte.&hellip;\n","protected":false},"author":2,"featured_media":156905,"comment_status":"","ping_status":"","sticky":false,"template":"","format":"standard","meta":{"footnotes":""},"categories":[1825],"tags":[296,29,30,1000,2509,121,45,1995],"class_list":{"0":"post-190492","1":"post","2":"type-post","3":"status-publish","4":"format-standard","5":"has-post-thumbnail","7":"category-berlin","8":"tag-berlin","9":"tag-deutschland","10":"tag-germany","11":"tag-gewalt","12":"tag-ki-ots","13":"tag-polizei","14":"tag-texttospeech","15":"tag-verbrechen"},"share_on_mastodon":{"url":"https:\/\/pubeurope.com\/@de\/114683546381386419","error":""},"_links":{"self":[{"href":"https:\/\/www.europesays.com\/de\/wp-json\/wp\/v2\/posts\/190492","targetHints":{"allow":["GET"]}}],"collection":[{"href":"https:\/\/www.europesays.com\/de\/wp-json\/wp\/v2\/posts"}],"about":[{"href":"https:\/\/www.europesays.com\/de\/wp-json\/wp\/v2\/types\/post"}],"author":[{"embeddable":true,"href":"https:\/\/www.europesays.com\/de\/wp-json\/wp\/v2\/users\/2"}],"replies":[{"embeddable":true,"href":"https:\/\/www.europesays.com\/de\/wp-json\/wp\/v2\/comments?post=190492"}],"version-history":[{"count":0,"href":"https:\/\/www.europesays.com\/de\/wp-json\/wp\/v2\/posts\/190492\/revisions"}],"wp:featuredmedia":[{"embeddable":true,"href":"https:\/\/www.europesays.com\/de\/wp-json\/wp\/v2\/media\/156905"}],"wp:attachment":[{"href":"https:\/\/www.europesays.com\/de\/wp-json\/wp\/v2\/media?parent=190492"}],"wp:term":[{"taxonomy":"category","embeddable":true,"href":"https:\/\/www.europesays.com\/de\/wp-json\/wp\/v2\/categories?post=190492"},{"taxonomy":"post_tag","embeddable":true,"href":"https:\/\/www.europesays.com\/de\/wp-json\/wp\/v2\/tags?post=190492"}],"curies":[{"name":"wp","href":"https:\/\/api.w.org\/{rel}","templated":true}]}}