{"id":190497,"date":"2025-06-14T20:15:11","date_gmt":"2025-06-14T20:15:11","guid":{"rendered":"https:\/\/www.europesays.com\/de\/190497\/"},"modified":"2025-06-14T20:15:11","modified_gmt":"2025-06-14T20:15:11","slug":"cathy-hummels-kann-13-000-euro-streit-beenden-die-simple-loesung","status":"publish","type":"post","link":"https:\/\/www.europesays.com\/de\/190497\/","title":{"rendered":"Cathy Hummels kann 13.000-Euro-Streit beenden \u2013 die simple L\u00f6sung"},"content":{"rendered":"<p>Nach Gerichtstermin<\/p>\n<p>Cathy Hummels kann 13.000-Euro-Streit beenden \u2013 die simple L\u00f6sung<\/p>\n<p><img decoding=\"async\" data-hk=\"008350a11011002010\" loading=\"lazy\" src=\"https:\/\/www.europesays.com\/de\/wp-content\/uploads\/2025\/06\/1749932111_309_b2b78043-a725-40d2-86f4-3844545cd5fd.b5ea1f89-a383-4a40-b3d9-0e34e4ff145b.JPG\" alt=\"Sebastian Berning\" width=\"48\" height=\"48\"\/>Sebastian Berningvon <a href=\"https:\/\/www.bunte.de\/authorprofile\/sebastian-berning\" rel=\"nofollow noopener\" target=\"_blank\">Sebastian Berning<\/a><\/p>\n<p>14.06.2025, 21:12 Uhr<\/p>\n<p>14. Juni 2025 um 21:12 Uhr<\/p>\n<p>Cathy Hummels hat eine Malerrechnung von \u00fcber 13.000 Euro nicht bezahlt und stand deswegen vor Gericht. Jetzt konnten sie und die Malerin eine friedliche Einigung erzielen.<\/p>\n<p>Vor wenigen Tagen stand <a href=\"https:\/\/www.bunte.de\/stars\/star-news\/13-000-euro-rechnung-nicht-bezahlt-cathy-hummels-vor-gericht_38051343-7cde-4a33-b241-de5048122064.html\" rel=\"follow nofollow noopener\" target=\"_self\">Cathy Hummels vor dem M\u00fcnchner Landgericht<\/a>. Es ging um Malarbeiten in ihrem Haus und eine Rechnung \u00fcber 13.000 Euro, die nicht beglichen wurde. Vor Gericht kamen die Influencerin und die von ihr beauftragte Malerin zusammen. In dem Termin konnte keine Einigung erzielt werden.<\/p>\n<p><img decoding=\"async\" data-hk=\"008350a1701004010\" loading=\"lazy\"  src=\"https:\/\/www.europesays.com\/de\/wp-content\/uploads\/2025\/06\/bdd17549-6006-499b-a5c6-077da0c12579.d8883b1c-6eb2-45ef-8c6b-7518c154e1e7.png\"  alt=\"Cathy Hummels geht \u00fcbrigens wieder auf Dates.\" width=\"949\" height=\"720\"\/> Cathy Hummels geht \u00fcbrigens wieder auf Dates.  Imago Images So haben Cathy Hummels und die Malerin ihren Rechnungs-Streit beendet<\/p>\n<p>Doch jetzt haben <a href=\"https:\/\/www.bunte.de\/starprofile\/cathy-hummels.html\" rel=\"follow nofollow noopener\" target=\"_self\">Cathy Hummels<\/a> und die preisgekr\u00f6nte Malerin Maren Kogge doch noch eine L\u00f6sung f\u00fcr ihr Problem gefunden. Die beiden Frauen telefonierten am sp\u00e4ten Freitagabend, wie &#8222;<a href=\"https:\/\/www.bild.de\/unterhaltung\/stars-und-leute\/cathy-hummels-exklusiv-nach-honorar-zoff-versoehnung-mit-malerin-684d6593c500125714a3bff8\" rel=\"nofollow noopener\" target=\"_blank\">Bild<\/a>&#8220; berichtet.<\/p>\n<p>ANZEIGE<\/p>\n<p>&#8222;Cathy und ich hatten eine pers\u00f6nliche Aussprache&#8220;, best\u00e4tigt Kogge. &#8222;Dabei war schnell klar, dass wir uns menschlich nicht ineinander get\u00e4uscht haben. Die Arbeiten im Sommer 2023 in ihrem Haus waren gepr\u00e4gt von einem Umgang auf Augenh\u00f6he und echter Wertsch\u00e4tzung. Vor Gericht kamen die Fakten noch einmal auf den Tisch und wir konnten einen sachlichen Blick auf die Dinge gewinnen.&#8220; Der Streit ist somit beigelegt. Wie viel Geld die Malerin von der Moderatorin erhalten soll, ist nicht bekannt.<\/p>\n<p>ANZEIGE<\/p>\n<p>Doch was bedeutet das f\u00fcr das laufende Verfahren? Laut &#8222;Bild&#8220; werden die Anw\u00e4lte von Cathy Hummels und Maren Kogge sich ans Landgericht M\u00fcnchen wenden und den Rechtsstreit f\u00fcr beendet erkl\u00e4ren.<\/p>\n","protected":false},"excerpt":{"rendered":"Nach Gerichtstermin Cathy Hummels kann 13.000-Euro-Streit beenden \u2013 die simple L\u00f6sung Sebastian Berningvon Sebastian Berning 14.06.2025, 21:12 Uhr&hellip;\n","protected":false},"author":2,"featured_media":190498,"comment_status":"","ping_status":"","sticky":false,"template":"","format":"standard","meta":{"footnotes":""},"categories":[1776],"tags":[1801,29,214,30,1802,215],"class_list":{"0":"post-190497","1":"post","2":"type-post","3":"status-publish","4":"format-standard","5":"has-post-thumbnail","7":"category-prominente","8":"tag-celebrities","9":"tag-deutschland","10":"tag-entertainment","11":"tag-germany","12":"tag-prominente","13":"tag-unterhaltung"},"share_on_mastodon":{"url":"https:\/\/pubeurope.com\/@de\/114683558418941354","error":""},"_links":{"self":[{"href":"https:\/\/www.europesays.com\/de\/wp-json\/wp\/v2\/posts\/190497","targetHints":{"allow":["GET"]}}],"collection":[{"href":"https:\/\/www.europesays.com\/de\/wp-json\/wp\/v2\/posts"}],"about":[{"href":"https:\/\/www.europesays.com\/de\/wp-json\/wp\/v2\/types\/post"}],"author":[{"embeddable":true,"href":"https:\/\/www.europesays.com\/de\/wp-json\/wp\/v2\/users\/2"}],"replies":[{"embeddable":true,"href":"https:\/\/www.europesays.com\/de\/wp-json\/wp\/v2\/comments?post=190497"}],"version-history":[{"count":0,"href":"https:\/\/www.europesays.com\/de\/wp-json\/wp\/v2\/posts\/190497\/revisions"}],"wp:featuredmedia":[{"embeddable":true,"href":"https:\/\/www.europesays.com\/de\/wp-json\/wp\/v2\/media\/190498"}],"wp:attachment":[{"href":"https:\/\/www.europesays.com\/de\/wp-json\/wp\/v2\/media?parent=190497"}],"wp:term":[{"taxonomy":"category","embeddable":true,"href":"https:\/\/www.europesays.com\/de\/wp-json\/wp\/v2\/categories?post=190497"},{"taxonomy":"post_tag","embeddable":true,"href":"https:\/\/www.europesays.com\/de\/wp-json\/wp\/v2\/tags?post=190497"}],"curies":[{"name":"wp","href":"https:\/\/api.w.org\/{rel}","templated":true}]}}