{"id":190887,"date":"2025-06-15T00:07:10","date_gmt":"2025-06-15T00:07:10","guid":{"rendered":"https:\/\/www.europesays.com\/de\/190887\/"},"modified":"2025-06-15T00:07:10","modified_gmt":"2025-06-15T00:07:10","slug":"alexander-zverev-in-stuttgart-erst-in-die-wilhelma-dann-ins-finale-sport","status":"publish","type":"post","link":"https:\/\/www.europesays.com\/de\/190887\/","title":{"rendered":"Alexander Zverev in Stuttgart: Erst in die Wilhelma, dann ins Finale &#8211; Sport"},"content":{"rendered":"<p>Alexander Zverev hat tierischen Spa\u00df in Stuttgart. Nach einem Besuch in der Wilhelma zieht der Tennisstar auf dem Weissenhof ins Finale ein.<\/p>\n<p><a href=\"https:\/\/www.esslinger-zeitung.de\/thema\/Alexander_Zverev\" title=\"Alexander Zverev\" class=\"art_thema\" rel=\"nofollow noopener\" target=\"_blank\">Alexander Zverev<\/a> hat tierischen Spa\u00df in Stuttgart. Sp\u00e4testens zum Wochenende hin wurden die Tage f\u00fcr den deutschen Tennisstar sogar zum tierischen Vergn\u00fcgen, und das im Wortsinn. Nach seinem Finaleinzug am Samstagmittag auf dem <a href=\"https:\/\/www.esslinger-zeitung.de\/thema\/Wei%C3%9Fenhof\" title=\"Weissenhof\" class=\"art_thema\" rel=\"nofollow noopener\" target=\"_blank\">Weissenhof<\/a> bei den Boss Open durch ein spannendes und bisweilen hochklassiges 7:6 (10:8), 7:6 (7:1) gegen den US-Amerikaner Ben Shelton berichtete der Hamburger von seiner Vorbereitung aufs Halbfinale am Freitagabend: Sie fand in der <a href=\"https:\/\/www.esslinger-zeitung.de\/thema\/Wilhelma\" title=\"Wilhelma\" class=\"art_thema\" rel=\"nofollow noopener\" target=\"_blank\">Wilhelma<\/a> statt.<\/p>\n","protected":false},"excerpt":{"rendered":"Alexander Zverev hat tierischen Spa\u00df in Stuttgart. Nach einem Besuch in der Wilhelma zieht der Tennisstar auf dem&hellip;\n","protected":false},"author":2,"featured_media":190332,"comment_status":"","ping_status":"","sticky":false,"template":"","format":"standard","meta":{"footnotes":"","_share_on_mastodon":"0"},"categories":[1830],"tags":[10329,1634,42509,3364,29,30,7400,1441,63104,58928,12378],"class_list":["post-190887","post","type-post","status-publish","format-standard","has-post-thumbnail","category-stuttgart","tag-alexander-zverev","tag-baden-wuerttemberg","tag-boss-open","tag-de","tag-deutschland","tag-germany","tag-sportmeldungen","tag-stuttgart","tag-taylor-fritz","tag-weissenhof","tag-wilhelma"],"share_on_mastodon":{"url":"https:\/\/pubeurope.com\/@de\/114684470656288573","error":""},"_links":{"self":[{"href":"https:\/\/www.europesays.com\/de\/wp-json\/wp\/v2\/posts\/190887","targetHints":{"allow":["GET"]}}],"collection":[{"href":"https:\/\/www.europesays.com\/de\/wp-json\/wp\/v2\/posts"}],"about":[{"href":"https:\/\/www.europesays.com\/de\/wp-json\/wp\/v2\/types\/post"}],"author":[{"embeddable":true,"href":"https:\/\/www.europesays.com\/de\/wp-json\/wp\/v2\/users\/2"}],"replies":[{"embeddable":true,"href":"https:\/\/www.europesays.com\/de\/wp-json\/wp\/v2\/comments?post=190887"}],"version-history":[{"count":0,"href":"https:\/\/www.europesays.com\/de\/wp-json\/wp\/v2\/posts\/190887\/revisions"}],"wp:featuredmedia":[{"embeddable":true,"href":"https:\/\/www.europesays.com\/de\/wp-json\/wp\/v2\/media\/190332"}],"wp:attachment":[{"href":"https:\/\/www.europesays.com\/de\/wp-json\/wp\/v2\/media?parent=190887"}],"wp:term":[{"taxonomy":"category","embeddable":true,"href":"https:\/\/www.europesays.com\/de\/wp-json\/wp\/v2\/categories?post=190887"},{"taxonomy":"post_tag","embeddable":true,"href":"https:\/\/www.europesays.com\/de\/wp-json\/wp\/v2\/tags?post=190887"}],"curies":[{"name":"wp","href":"https:\/\/api.w.org\/{rel}","templated":true}]}}