{"id":191139,"date":"2025-06-15T02:40:11","date_gmt":"2025-06-15T02:40:11","guid":{"rendered":"https:\/\/www.europesays.com\/de\/191139\/"},"modified":"2025-06-15T02:40:11","modified_gmt":"2025-06-15T02:40:11","slug":"maenner-bei-auseinandersetzung-in-bremen-mit-messer-schwer-verletzt","status":"publish","type":"post","link":"https:\/\/www.europesays.com\/de\/191139\/","title":{"rendered":"M\u00e4nner bei Auseinandersetzung in Bremen mit Messer schwer verletzt"},"content":{"rendered":"<p>&#13;<br \/>\n            Bremen. Bei einer Auseinandersetzung zwischen neun M\u00e4nnern sind in Bremen drei Beteiligte mit einem Messer zum Teil schwer verletzt. Der Vorfall ereignete sich am Freitagabend in der Bahnhofsvorstadt, wie die Polizei mitteilte. Der mutma\u00dfliche Angreifer konnte wenig sp\u00e4ter von der Polizei gestellt werden und wurde vorl\u00e4ufig festgenommen. <\/p>\n<p>          &#13;<br \/>\n            Angreifer hatte offenbar Drogen konsumiert <\/p>\n<p>Der 33-J\u00e4hrige war den Angaben zufolge mit einer Gruppe von acht M\u00e4nnern in Streit geraten. Er habe dann ein Messer gez\u00fcckt und damit willk\u00fcrlich auf die anderen eingestochen. Drei M\u00e4nner im Alter von 22, 24 und 25 Jahren wurden teils schwer verletzt. Einer musste sofort im Krankenhaus operiert werden. <\/p>\n<p>Der Angreifer stand den Angaben zufolge offensichtlich unter Drogeneinfluss. Er wurde bei der Auseinandersetzung ebenfalls verletzt. Gegen ihn wird nun wegen gef\u00e4hrlicher K\u00f6rperverletzung ermittelt. <\/p>\n","protected":false},"excerpt":{"rendered":"&#13; Bremen. Bei einer Auseinandersetzung zwischen neun M\u00e4nnern sind in Bremen drei Beteiligte mit einem Messer zum Teil&hellip;\n","protected":false},"author":2,"featured_media":191140,"comment_status":"","ping_status":"","sticky":false,"template":"","format":"standard","meta":{"footnotes":""},"categories":[1824],"tags":[2420,3364,29,30,177],"class_list":{"0":"post-191139","1":"post","2":"type-post","3":"status-publish","4":"format-standard","5":"has-post-thumbnail","7":"category-bremen","8":"tag-bremen","9":"tag-de","10":"tag-deutschland","11":"tag-germany","12":"tag-kriminalitt"},"share_on_mastodon":{"url":"https:\/\/pubeurope.com\/@de\/114685072130114973","error":""},"_links":{"self":[{"href":"https:\/\/www.europesays.com\/de\/wp-json\/wp\/v2\/posts\/191139","targetHints":{"allow":["GET"]}}],"collection":[{"href":"https:\/\/www.europesays.com\/de\/wp-json\/wp\/v2\/posts"}],"about":[{"href":"https:\/\/www.europesays.com\/de\/wp-json\/wp\/v2\/types\/post"}],"author":[{"embeddable":true,"href":"https:\/\/www.europesays.com\/de\/wp-json\/wp\/v2\/users\/2"}],"replies":[{"embeddable":true,"href":"https:\/\/www.europesays.com\/de\/wp-json\/wp\/v2\/comments?post=191139"}],"version-history":[{"count":0,"href":"https:\/\/www.europesays.com\/de\/wp-json\/wp\/v2\/posts\/191139\/revisions"}],"wp:featuredmedia":[{"embeddable":true,"href":"https:\/\/www.europesays.com\/de\/wp-json\/wp\/v2\/media\/191140"}],"wp:attachment":[{"href":"https:\/\/www.europesays.com\/de\/wp-json\/wp\/v2\/media?parent=191139"}],"wp:term":[{"taxonomy":"category","embeddable":true,"href":"https:\/\/www.europesays.com\/de\/wp-json\/wp\/v2\/categories?post=191139"},{"taxonomy":"post_tag","embeddable":true,"href":"https:\/\/www.europesays.com\/de\/wp-json\/wp\/v2\/tags?post=191139"}],"curies":[{"name":"wp","href":"https:\/\/api.w.org\/{rel}","templated":true}]}}