{"id":191181,"date":"2025-06-15T03:03:18","date_gmt":"2025-06-15T03:03:18","guid":{"rendered":"https:\/\/www.europesays.com\/de\/191181\/"},"modified":"2025-06-15T03:03:18","modified_gmt":"2025-06-15T03:03:18","slug":"motorradfahrerin-bei-verkehrsunfall-verletzt-berlin-de","status":"publish","type":"post","link":"https:\/\/www.europesays.com\/de\/191181\/","title":{"rendered":"Motorradfahrerin bei Verkehrsunfall verletzt &#8211; Berlin.de"},"content":{"rendered":"<p>\n    <strong>Nr. 1654<\/strong><br \/>Bei einem Verkehrsunfall, der sich gestern Vormittag in Wilhelmstadt ereignete, erlitt die Fahrerin eines Motorrads lebensgef\u00e4hrliche Verletzungen. Nach bisherigen Ermittlungen und Zeugenaussagen war die 39-J\u00e4hrige gegen 10 Uhr mit einem Motorrad auf der Heerstra\u00dfe in Richtung Freybr\u00fccke auf dem mittleren Fahrstreifen unterwegs. Bei einem \u00dcberholversuch kollidierte die 39-J\u00e4hrige mit dem Pkw einer 55-J\u00e4hrigen, die verkehrsbedingt auf der linken Spur wartete. Die Motorradfahrerin wurde durch den Aufprall mehrere Meter durch die Luft geschleudert und kam auf der Fahrbahn zum Liegen. Sie erlitt neben inneren Verletzungen auch einen Beckenbruch. Alarmierte Rettungskr\u00e4fte brachten sie zur station\u00e4ren Behandlung in ein Krankenhaus. Die 55-j\u00e4hrige Fahrerin des Pkw stand deutlich unter dem Eindruck des Geschehens und wurde von den Rettungskr\u00e4ften ambulant am Ort versorgt. Die weiteren Ermittlungen f\u00fchrt ein Fachkommissariat f\u00fcr Verkehrsdelikte der Polizeidirektion 2 (West).\n  <\/p>\n","protected":false},"excerpt":{"rendered":"Nr. 1654Bei einem Verkehrsunfall, der sich gestern Vormittag in Wilhelmstadt ereignete, erlitt die Fahrerin eines Motorrads lebensgef\u00e4hrliche Verletzungen.&hellip;\n","protected":false},"author":2,"featured_media":2288,"comment_status":"","ping_status":"","sticky":false,"template":"","format":"standard","meta":{"footnotes":""},"categories":[1825],"tags":[296,29,30,63327,63326,2331,2332,601],"class_list":{"0":"post-191181","1":"post","2":"type-post","3":"status-publish","4":"format-standard","5":"has-post-thumbnail","7":"category-berlin","8":"tag-berlin","9":"tag-deutschland","10":"tag-germany","11":"tag-ii1569970","12":"tag-meldung-polizei-berlin-vom-14-06-2025","13":"tag-polizeimeldung","14":"tag-transport","15":"tag-verkehr"},"share_on_mastodon":{"url":"https:\/\/pubeurope.com\/@de\/114685162600682441","error":""},"_links":{"self":[{"href":"https:\/\/www.europesays.com\/de\/wp-json\/wp\/v2\/posts\/191181","targetHints":{"allow":["GET"]}}],"collection":[{"href":"https:\/\/www.europesays.com\/de\/wp-json\/wp\/v2\/posts"}],"about":[{"href":"https:\/\/www.europesays.com\/de\/wp-json\/wp\/v2\/types\/post"}],"author":[{"embeddable":true,"href":"https:\/\/www.europesays.com\/de\/wp-json\/wp\/v2\/users\/2"}],"replies":[{"embeddable":true,"href":"https:\/\/www.europesays.com\/de\/wp-json\/wp\/v2\/comments?post=191181"}],"version-history":[{"count":0,"href":"https:\/\/www.europesays.com\/de\/wp-json\/wp\/v2\/posts\/191181\/revisions"}],"wp:featuredmedia":[{"embeddable":true,"href":"https:\/\/www.europesays.com\/de\/wp-json\/wp\/v2\/media\/2288"}],"wp:attachment":[{"href":"https:\/\/www.europesays.com\/de\/wp-json\/wp\/v2\/media?parent=191181"}],"wp:term":[{"taxonomy":"category","embeddable":true,"href":"https:\/\/www.europesays.com\/de\/wp-json\/wp\/v2\/categories?post=191181"},{"taxonomy":"post_tag","embeddable":true,"href":"https:\/\/www.europesays.com\/de\/wp-json\/wp\/v2\/tags?post=191181"}],"curies":[{"name":"wp","href":"https:\/\/api.w.org\/{rel}","templated":true}]}}