{"id":191321,"date":"2025-06-15T04:29:29","date_gmt":"2025-06-15T04:29:29","guid":{"rendered":"https:\/\/www.europesays.com\/de\/191321\/"},"modified":"2025-06-15T04:29:29","modified_gmt":"2025-06-15T04:29:29","slug":"40-jahre-kunsthalle-muenchen-muenchen","status":"publish","type":"post","link":"https:\/\/www.europesays.com\/de\/191321\/","title":{"rendered":"40 Jahre Kunsthalle M\u00fcnchen &#8211; M\u00fcnchen"},"content":{"rendered":"<p data-manual=\"teaserText\" data-schema-org-speakable=\"true\" class=\"css-vzdvax\">Die Hypo-Kunsthalle\u00a0 in M\u00fcnchen ist eines der beliebtesten Ausstellungsh\u00e4user Deutschlands. Doch ihr Erfolg ist kein Selbstl\u00e4ufer, wei\u00df Direktor Roger Diederen. Welche Rolle das Haus bei einem ber\u00fchmten Coming-out spielte.<\/p>\n<p data-manual=\"paragraph\" data-schema-org-speakable=\"true\" class=\"css-4bdi0k\">Ausstellungsmacher brauchen gute Nerven und viel Improvisationstalent. Nicht selten drohen Er\u00f6ffnungen noch auf den letzten Metern zu platzen. Auch in der Kunsthalle <a href=\"https:\/\/www.sueddeutsche.de\/thema\/M%C3%BCnchen\" target=\"_blank\" rel=\"noopener\">M\u00fcnchen<\/a> gab\u2019s solche brenzligen Situationen \u2013 auch wenn das Publikum davon nichts mitbekommen hat. Als kurz vor der Pompeji-Er\u00f6ffnung im Herbst 2013 der Brenner bestreikt werden sollte, war in M\u00fcnchen das Zittern gro\u00df, ob die Lkws mit Ausstellungsst\u00fccken aus Italien noch durchkommen w\u00fcrden. Sie kamen \u2013 und die <a href=\"https:\/\/www.sueddeutsche.de\/thema\/Ausstellung\" target=\"_blank\" rel=\"noopener\">Ausstellung<\/a> wurde zu einem Riesenerfolg.<\/p>\n","protected":false},"excerpt":{"rendered":"Die Hypo-Kunsthalle\u00a0 in M\u00fcnchen ist eines der beliebtesten Ausstellungsh\u00e4user Deutschlands. Doch ihr Erfolg ist kein Selbstl\u00e4ufer, wei\u00df Direktor&hellip;\n","protected":false},"author":2,"featured_media":191322,"comment_status":"","ping_status":"","sticky":false,"template":"","format":"standard","meta":{"footnotes":""},"categories":[1775],"tags":[1793,2076,2396,29,214,30,2392,2075,1794,15324,3311,1268,149,18207,215],"class_list":{"0":"post-191321","1":"post","2":"type-post","3":"status-publish","4":"format-standard","5":"has-post-thumbnail","7":"category-kunst-und-design","8":"tag-art-and-design","9":"tag-ausstellung","10":"tag-ausstellung-muenchen","11":"tag-deutschland","12":"tag-entertainment","13":"tag-germany","14":"tag-kultur-in-muenchen","15":"tag-kunst","16":"tag-kunst-und-design","17":"tag-kunsthalle-muenchen","18":"tag-leben-und-gesellschaft-in-muenchen","19":"tag-muenchen","20":"tag-sueddeutsche-zeitung","21":"tag-unicredit","22":"tag-unterhaltung"},"share_on_mastodon":{"url":"https:\/\/pubeurope.com\/@de\/114685500726451828","error":""},"_links":{"self":[{"href":"https:\/\/www.europesays.com\/de\/wp-json\/wp\/v2\/posts\/191321","targetHints":{"allow":["GET"]}}],"collection":[{"href":"https:\/\/www.europesays.com\/de\/wp-json\/wp\/v2\/posts"}],"about":[{"href":"https:\/\/www.europesays.com\/de\/wp-json\/wp\/v2\/types\/post"}],"author":[{"embeddable":true,"href":"https:\/\/www.europesays.com\/de\/wp-json\/wp\/v2\/users\/2"}],"replies":[{"embeddable":true,"href":"https:\/\/www.europesays.com\/de\/wp-json\/wp\/v2\/comments?post=191321"}],"version-history":[{"count":0,"href":"https:\/\/www.europesays.com\/de\/wp-json\/wp\/v2\/posts\/191321\/revisions"}],"wp:featuredmedia":[{"embeddable":true,"href":"https:\/\/www.europesays.com\/de\/wp-json\/wp\/v2\/media\/191322"}],"wp:attachment":[{"href":"https:\/\/www.europesays.com\/de\/wp-json\/wp\/v2\/media?parent=191321"}],"wp:term":[{"taxonomy":"category","embeddable":true,"href":"https:\/\/www.europesays.com\/de\/wp-json\/wp\/v2\/categories?post=191321"},{"taxonomy":"post_tag","embeddable":true,"href":"https:\/\/www.europesays.com\/de\/wp-json\/wp\/v2\/tags?post=191321"}],"curies":[{"name":"wp","href":"https:\/\/api.w.org\/{rel}","templated":true}]}}