{"id":191424,"date":"2025-06-15T05:37:10","date_gmt":"2025-06-15T05:37:10","guid":{"rendered":"https:\/\/www.europesays.com\/de\/191424\/"},"modified":"2025-06-15T05:37:10","modified_gmt":"2025-06-15T05:37:10","slug":"stuttgart-im-zweiten-weltkrieg-wer-war-der-mann-der-die-kriegsfilmchronik-drehte-stuttgart","status":"publish","type":"post","link":"https:\/\/www.europesays.com\/de\/191424\/","title":{"rendered":"Stuttgart im Zweiten Weltkrieg: Wer war der Mann, der die Kriegsfilmchronik drehte? &#8211; Stuttgart"},"content":{"rendered":"<p>Jean Lommen wollte mit seiner Kriegsfilmchronik die Leistungen der Stadt Stuttgart in den Kriegsjahren herausstellen. Dabei bediente sich das NSDAP-Mitglied den Mitteln der Propaganda.<\/p>\n<p>Insgesamt 58 Schwarz-Wei\u00df-Filme bestehend aus 7800 Filmmetern bilden die Stuttgarter Kriegsfilmchronik, \u00fcber die wir seit dem 15. M\u00e4rz regelm\u00e4\u00dfig und intensiv berichtet haben. Immer wieder fiel dabei der Name Jean Lommen, der Mann, der den Stuttgarter NS-Oberb\u00fcrgermeister Karl Str\u00f6lin von der Idee \u00fcberzeugen konnte, einen \u201egefilmten Verwaltungsbericht\u201c zu drehen, in dem die Stadtverwaltung ihre Leistungen w\u00e4hrend der Kriegsjahre zur Schau stellen konnte. Am Ende sollte daraus ein in NS-Ideologie getr\u00e4nkter gro\u00dfer Stuttgarter Imagefilm entstehen. Die Niederlage Nazideutschlands machte diesen Plan zunichte. <\/p>\n","protected":false},"excerpt":{"rendered":"Jean Lommen wollte mit seiner Kriegsfilmchronik die Leistungen der Stadt Stuttgart in den Kriegsjahren herausstellen. Dabei bediente sich&hellip;\n","protected":false},"author":2,"featured_media":191425,"comment_status":"","ping_status":"","sticky":false,"template":"","format":"standard","meta":{"footnotes":""},"categories":[1830],"tags":[1634,3364,29,30,63371,15036,57,8731,1441,8918,10668],"class_list":{"0":"post-191424","1":"post","2":"type-post","3":"status-publish","4":"format-standard","5":"has-post-thumbnail","7":"category-stuttgart","8":"tag-baden-wuerttemberg","9":"tag-de","10":"tag-deutschland","11":"tag-germany","12":"tag-jean-lommen","13":"tag-kriegsfilmchronik","14":"tag-nationalsozialismus","15":"tag-stadtarchiv","16":"tag-stuttgart","17":"tag-stuttgart-im-krieg","18":"tag-weltkrieg"},"share_on_mastodon":{"url":"https:\/\/pubeurope.com\/@de\/114685768138577624","error":""},"_links":{"self":[{"href":"https:\/\/www.europesays.com\/de\/wp-json\/wp\/v2\/posts\/191424","targetHints":{"allow":["GET"]}}],"collection":[{"href":"https:\/\/www.europesays.com\/de\/wp-json\/wp\/v2\/posts"}],"about":[{"href":"https:\/\/www.europesays.com\/de\/wp-json\/wp\/v2\/types\/post"}],"author":[{"embeddable":true,"href":"https:\/\/www.europesays.com\/de\/wp-json\/wp\/v2\/users\/2"}],"replies":[{"embeddable":true,"href":"https:\/\/www.europesays.com\/de\/wp-json\/wp\/v2\/comments?post=191424"}],"version-history":[{"count":0,"href":"https:\/\/www.europesays.com\/de\/wp-json\/wp\/v2\/posts\/191424\/revisions"}],"wp:featuredmedia":[{"embeddable":true,"href":"https:\/\/www.europesays.com\/de\/wp-json\/wp\/v2\/media\/191425"}],"wp:attachment":[{"href":"https:\/\/www.europesays.com\/de\/wp-json\/wp\/v2\/media?parent=191424"}],"wp:term":[{"taxonomy":"category","embeddable":true,"href":"https:\/\/www.europesays.com\/de\/wp-json\/wp\/v2\/categories?post=191424"},{"taxonomy":"post_tag","embeddable":true,"href":"https:\/\/www.europesays.com\/de\/wp-json\/wp\/v2\/tags?post=191424"}],"curies":[{"name":"wp","href":"https:\/\/api.w.org\/{rel}","templated":true}]}}