{"id":191451,"date":"2025-06-15T05:52:10","date_gmt":"2025-06-15T05:52:10","guid":{"rendered":"https:\/\/www.europesays.com\/de\/191451\/"},"modified":"2025-06-15T05:52:10","modified_gmt":"2025-06-15T05:52:10","slug":"robert-und-carmen-geiss-in-saint-tropez-ueberfallen-und-verletzt","status":"publish","type":"post","link":"https:\/\/www.europesays.com\/de\/191451\/","title":{"rendered":"Robert und Carmen Geiss in Saint-Tropez \u00fcberfallen und verletzt"},"content":{"rendered":"<p>T\u00e4ter waren bewaffnet <\/p>\n<p>Geissens in Saint-Tropez \u00fcberfallen und verletzt<\/p>\n<p>Aktualisiert am 15.06.2025 &#8211; 07:08 UhrLesedauer: 2 Min.<\/p>\n<p><a href=\"#focus-0\" class=\"transition-colors duration-200 focus-within:text-magenta block text-current relative\" data-sctrack=\"FocusGalleryImage.Reference\"><img fetchpriority=\"high\" data-testid=\"Opener.Image\" style=\"--lqipURL:url('https:\/\/images.t-online.de\/2025\/04\/gYMnoH2-34Tc\/510x96:3134x1763\/fit-in\/150x0\/filters:blur(25)\/carmen-und-robert-geiss-das-paar-ist-seit-30-jahren-verheiratet.jpg')\"   loading=\"eager\" src=\"https:\/\/www.europesays.com\/de\/wp-content\/uploads\/2025\/06\/carmen-und-robert-geiss-das-paar-ist-seit-30-jahren-verheiratet.jpg\" alt=\"Carmen und Robert Geiss: Das Paar ist seit 30 Jahren verheiratet.\" title=\"Carmen und Robert Geiss: Das Paar ist seit 30 Jahren verheiratet.\" width=\"3134\" height=\"1763\" class=\"bg-[url:var(--lqipURL)] bg-cover bg-center flex w-full max-w-full h-full\" decoding=\"async\"\/><img style=\"--width:32;--height:32\" loading=\"lazy\" src=\"https:\/\/www.t-online.de\/s\/paper\/_next\/static\/media\/zoom-in.f7dae02f.svg\" alt=\"Vergr\u00f6\u00dfern des Bildes\" title=\"Vergr\u00f6\u00dfern des Bildes\" class=\"&#10;        block&#10;        h-[calc(var(--height)_\/_16_*_1rem)]&#10;        w-[calc(var(--width)_\/_16_*_1rem)]&#10;        max-w-none&#10;        absolute bottom-8 right-8 rounded-4 bg-snow p-8\" decoding=\"async\"\/><\/a><\/p>\n<p>Carmen und Robert Geiss (Archivbild): Das Paar wurde \u00fcberfallen. (Quelle: IMAGO \/ Smith)<\/p>\n<p class=\"font-bold text-18 leading-17\">Vier bewaffnete T\u00e4ter haben Carmen und Robert Geiss in ihrem Haus in Saint-Tropez \u00fcberfallen. Beide wurden dabei offenbar auch k\u00f6rperlich angegriffen.<\/p>\n<p class=\"text-18 leading-17\">Robert und <a class=\"transition-colors duration-200 cursor-pointer text-inherit no-underline text-salemsfur md:hover:text-magenta md:hover:border-magenta md:focus:text-magenta border-current border-b border-solid break-words\" href=\"https:\/\/www.t-online.de\/themen\/carmen-geiss\/\" data-sctrack=\"BodyAnchor\" target=\"_blank\" rel=\"noopener\">Carmen Geiss<\/a> sind in ihrem Haus in Saint-Tropez \u00fcberfallen worden. Die vier T\u00e4ter bedrohten das Ehepaar mit Pistolen und verletzten das Ehepaar, berichtet <a class=\"transition-colors duration-200 cursor-pointer text-inherit no-underline text-salemsfur md:hover:text-magenta md:hover:border-magenta md:focus:text-magenta border-current border-b border-solid break-words\" href=\"https:\/\/www.t-online.de\/themen\/robert-geiss\/\" data-sctrack=\"BodyAnchor\" target=\"_blank\" rel=\"noopener\">Robert Geiss<\/a> auf seinem Instagram-Account.<\/p>\n<p class=\"text-18 leading-17\">&#8222;Heute ist der Albtraum leider wahr geworden&#8220;, sagt er in einem Video, das offenbar kurz nach dem \u00dcberfall aufgenommen wurde. Man sei im eigenen Haus im franz\u00f6sischen Saint-Tropez \u00fcberfallen worden \u2013 &#8222;und zwar vom Allerfeinsten, von vier bewaffneten Vollidioten&#8220;. Erg\u00e4nzend zum Video schreibt Robert Geiss, dies sei &#8222;leider die heutige Zeit. Wir sind froh, dass wir das \u00fcberlebt haben&#8220;.<\/p>\n<p class=\"text-18 leading-17\">Auf einem zweiten Video ist auch zu sehen, wie ein Krankenwagen einf\u00e4hrt. Carmen sei gew\u00fcrgt worden und habe eine Schnittwunde am Hals, berichtet ihr Ehemann. Ihm selbst habe man in die Rippen getreten. Er bef\u00fcrchtet, eine Rippe sei dadurch angebrochen. Zudem sieht man in dem Video eine Schramme im Gesicht. Gegen &#8222;vier Leute mit Kanone&#8220; habe man nichts machen k\u00f6nnen.<\/p>\n<p class=\"text-18 leading-17\">Das Paar habe die Tresore \u00f6ffnen m\u00fcssen, berichtet er weiter. Nun wolle man das Videomaterial der \u00dcberwachungskameras auswerten und \u00f6ffentlich posten. So hoffe er, dass man die T\u00e4ter \u00fcberf\u00fchren k\u00f6nne.<\/p>\n<p class=\"text-18 leading-17\">Sie wollen ihre Follower auf dem Laufenden halten. &#8222;Wir kommen uns vor wie die Kardashians in <a class=\"transition-colors duration-200 cursor-pointer text-inherit no-underline text-salemsfur md:hover:text-magenta md:hover:border-magenta md:focus:text-magenta border-current border-b border-solid break-words\" href=\"https:\/\/www.t-online.de\/themen\/paris\/\" data-sctrack=\"BodyAnchor\" target=\"_blank\" rel=\"noopener\">Paris<\/a>. Shit happens&#8220;, kommentiert Robert Geiss, der auch f\u00fcr seine markigen Spr\u00fcche bekannt und bei Fans beliebt ist, den dramatischen Vorfall abschlie\u00dfend. Damit spielt er auf den <a class=\"transition-colors duration-200 cursor-pointer text-inherit no-underline text-salemsfur md:hover:text-magenta md:hover:border-magenta md:focus:text-magenta border-current border-b border-solid break-words\" href=\"https:\/\/www.t-online.de\/unterhaltung\/stars\/id_100736084\/ueberfall-auf-kim-kardashian-urteile-im-pariser-prozess-gefallen.html\" data-sctrack=\"BodyAnchor\" target=\"_blank\" rel=\"noopener\">\u00dcberfall des US-Realitystars Kim Kardashian<\/a> an, der sich 2016 in Paris zugetragen hat.<\/p>\n<p class=\"text-18 leading-17\">Kardashian wurde w\u00e4hrend der Fashion Week in der Nacht zum 3. Oktober 2016 im Luxusquartier &#8222;No Address&#8220; im schicken 8. Pariser Stadtbezirk \u00fcberfallen. F\u00fcnf R\u00e4uber waren als Polizisten verkleidet gegen 2.30 Uhr pl\u00f6tzlich vor der Residenz aufgetaucht. Zwei von ihnen brachten den Pf\u00f6rtner in ihre Gewalt und st\u00fcrmten maskiert und mit vorgehaltener Waffe in Kardashians Zimmer. Dort bedrohten sie die US-Amerikanerin mit der Waffe, fesselten und knebelten sie mit Klebeband an Armen und Beinen. Die T\u00e4ter erbeuteten Schmuck im Wert von rund neun Millionen Euro, darunter den Verlobungsring des Stars mit einem 18,88-kar\u00e4tigen Diamanten. Die millionenschwere Beute wurde bis heute nicht gefunden.<\/p>\n<p class=\"text-18 leading-17\">Ob sich die beiden T\u00f6chter Shania und Davina Geiss ebenfalls zur Zeit des \u00dcberfalls auf dem Anwesen befanden, l\u00e4sst ihr Vater Robert noch offen.<\/p>\n","protected":false},"excerpt":{"rendered":"T\u00e4ter waren bewaffnet Geissens in Saint-Tropez \u00fcberfallen und verletzt Aktualisiert am 15.06.2025 &#8211; 07:08 UhrLesedauer: 2 Min. Carmen&hellip;\n","protected":false},"author":2,"featured_media":191452,"comment_status":"","ping_status":"","sticky":false,"template":"","format":"standard","meta":{"footnotes":""},"categories":[1776],"tags":[326,1881,19398,1801,29,214,30,152,5286,319,1802,22200,215],"class_list":{"0":"post-191451","1":"post","2":"type-post","3":"status-publish","4":"format-standard","5":"has-post-thumbnail","7":"category-prominente","8":"tag-326","9":"tag-carmen","10":"tag-carmen-geiss","11":"tag-celebrities","12":"tag-deutschland","13":"tag-entertainment","14":"tag-germany","15":"tag-instagram","16":"tag-kim-kardashian","17":"tag-paris","18":"tag-prominente","19":"tag-saint-tropez","20":"tag-unterhaltung"},"share_on_mastodon":{"url":"https:\/\/pubeurope.com\/@de\/114685827120097794","error":""},"_links":{"self":[{"href":"https:\/\/www.europesays.com\/de\/wp-json\/wp\/v2\/posts\/191451","targetHints":{"allow":["GET"]}}],"collection":[{"href":"https:\/\/www.europesays.com\/de\/wp-json\/wp\/v2\/posts"}],"about":[{"href":"https:\/\/www.europesays.com\/de\/wp-json\/wp\/v2\/types\/post"}],"author":[{"embeddable":true,"href":"https:\/\/www.europesays.com\/de\/wp-json\/wp\/v2\/users\/2"}],"replies":[{"embeddable":true,"href":"https:\/\/www.europesays.com\/de\/wp-json\/wp\/v2\/comments?post=191451"}],"version-history":[{"count":0,"href":"https:\/\/www.europesays.com\/de\/wp-json\/wp\/v2\/posts\/191451\/revisions"}],"wp:featuredmedia":[{"embeddable":true,"href":"https:\/\/www.europesays.com\/de\/wp-json\/wp\/v2\/media\/191452"}],"wp:attachment":[{"href":"https:\/\/www.europesays.com\/de\/wp-json\/wp\/v2\/media?parent=191451"}],"wp:term":[{"taxonomy":"category","embeddable":true,"href":"https:\/\/www.europesays.com\/de\/wp-json\/wp\/v2\/categories?post=191451"},{"taxonomy":"post_tag","embeddable":true,"href":"https:\/\/www.europesays.com\/de\/wp-json\/wp\/v2\/tags?post=191451"}],"curies":[{"name":"wp","href":"https:\/\/api.w.org\/{rel}","templated":true}]}}