{"id":191457,"date":"2025-06-15T05:55:11","date_gmt":"2025-06-15T05:55:11","guid":{"rendered":"https:\/\/www.europesays.com\/de\/191457\/"},"modified":"2025-06-15T05:55:11","modified_gmt":"2025-06-15T05:55:11","slug":"bares-fuer-rares-zdf-fehler-macht-zuschauer-wuetend-ich-hasse-es","status":"publish","type":"post","link":"https:\/\/www.europesays.com\/de\/191457\/","title":{"rendered":"\u201eBares f\u00fcr Rares\u201c: ZDF-Fehler macht Zuschauer w\u00fctend \u2013 \u201eIch hasse es\u201c"},"content":{"rendered":"<p>Viele Fans erfreuen sich regelm\u00e4\u00dfig an der Tr\u00f6delshow \u201eBares f\u00fcr Rares\u201c im ZDF. Andere nutzen gerne auch Social Media, um sich \u00fcber die neuesten Rarit\u00e4ten aus der Sendung zu informieren.<\/p>\n<p>Als es in der Show um eine antike Glas-Vase geht, regen sich einige Fans tierisch auf. Sie sind sauer auf das \u201e<a href=\"https:\/\/www.derwesten.de\/themen\/bares-fuer-rares\" rel=\"nofollow noopener\" target=\"_blank\">Bares f\u00fcr Rares<\/a>\u201c-Team und machen ihrem \u00c4rger auf der Plattform Youtube Luft.<\/p>\n<p>\u201eBares f\u00fcr Rares\u201c: ZDF-Zuschauer sauer<\/p>\n<p>Die Episode wird auf Social mit den Worten \u201eErwartungen zerschlagen: Antike Glas-Vase f\u00e4hrt den dreifachen Wunschpreis ein\u201c betitelt. Und genau da liegt das Problem f\u00fcr einige Zuschauer. <\/p>\n<p>\u201eIch hasse es, wenn der Titel schon den Ausgang vorwegnimmt\u201c, schreibt ein Fan. Und ein anderer stimmt ihm zu: \u201eJa, es nimmt die ganze Spannung weg\u2026 nach der Expertise schaue ich dann gar nicht mehr weiter. Wof\u00fcr auch.\u201c<\/p>\n<p>Doch worum geht es eigentlich genau?<\/p>\n<p>\u201eBares f\u00fcr Rares\u201c-Kandidat Dieter hat eine Glas-Vase dabei, die er vor einem Jahr auf dem Flohmarkt gekauft hat. Platz hat er daf\u00fcr jetzt nicht mehr und so will er das gute St\u00fcck in der Tr\u00f6delshow verkaufen.<\/p>\n<p>Experte Colmar Schulte-Goltz erkl\u00e4rt in der Sendung, dass die Glas-Vase B\u00f6misches Glas ist und in einer Metallmontur aus Messing steht. Die wiederum hat Reste von Vergoldung. Der Experte sch\u00e4tzt, dass die Vase zwischen 1890 und 1900 gefertigt wurde, eine Herkunft wei\u00df man aber aufgrund eines fehlenden Schriftzugs nicht.<\/p>\n<p>Die Malerei auf dem Glas ist partiell verrieben zu sehen, der Zustand ist demnach nicht mehr ganz so einwandfrei. Und dennoch: Die Expertise ist h\u00f6her als der Kandidat sich h\u00e4tte ertr\u00e4umen lassen. Anstatt seines Wunschpreises von 400 Euro liegt der Wert laut Colmar Schulte-Goltz bei 1.100 bis 1.500 Euro.<\/p>\n<p>\u201eBares f\u00fcr Rares\u201c-H\u00e4ndler geben Gas<\/p>\n<p>Im H\u00e4ndlerraum wissen die ZDF-Stars um den Wert. \u201eDas ist mal eine sch\u00f6ne Vase\u201c, finden die \u201eBares f\u00fcr Rares\u201c-H\u00e4ndler und bieten flei\u00dfig, was das Zeug h\u00e4lt.<\/p>\n<p class=\"has-text-align-center\"><strong>Auch interessant:<\/strong> Andere Infos zu Bares f\u00fcr Rares <\/p>\n<p>\t\t\t\t\t\t\t\t<a href=\"https:\/\/www.derwesten.de\/panorama\/promi-tv\/bares-fuer-rares-bewerben-anmelden-verkaufen-kontakt-id300658237.html\" rel=\"bookmark nofollow noopener\" tabindex=\"-1\" aria-hidden=\"true\" target=\"_blank\"><br \/>\n\t\t\t\t\t\t\t\t\t\t\t\t<img loading=\"lazy\" decoding=\"async\" width=\"800\" height=\"600\" src=\"https:\/\/www.europesays.com\/de\/wp-content\/uploads\/2025\/06\/bares-fuer-rares-bewerben-e1695277075394.jpg\" class=\"attachment-newspack-article-block-landscape-medium size-newspack-article-block-landscape-medium wp-post-image\" alt=\"Bei \u201eBares f\u00fcr Rares\u201c bewerben: SO kannst du dich bei der Tr\u00f6delshow anmelden\" data-hero-candidate=\"1\"  \/><\/p>\n<p>\t\t\t\t\t\t\t\t\t\t\t\t<\/a><\/p>\n<p>\t\t\t\t\t\t\t\t<a href=\"https:\/\/www.derwesten.de\/panorama\/promi-tv\/bares-fuer-rares-die-teuersten-verkaeufe-zdf-kreuz-jesus-christus-id300656901.html\" rel=\"bookmark nofollow noopener\" tabindex=\"-1\" aria-hidden=\"true\" target=\"_blank\"><br \/>\n\t\t\t\t\t\t\t\t\t\t\t\t<img loading=\"lazy\" decoding=\"async\" width=\"800\" height=\"600\" src=\"https:\/\/www.europesays.com\/de\/wp-content\/uploads\/2025\/06\/75021-7-32-1-e1695113603643.jpg\" class=\"attachment-newspack-article-block-landscape-medium size-newspack-article-block-landscape-medium wp-post-image\" alt=\"\u201eBares f\u00fcr Rares\u201c teuerster Verkauf: Schnappatmung vorprogrammiert! Das sind die teuersten Objekte aller Zeiten\" data-hero-candidate=\"1\"  \/>\t\t\t\t\t\t\t\t\t\t\t\t<\/a><\/p>\n<p>Als Kandidat Dieter schon weitere Erkl\u00e4rungen abgeben will, weil er denkt, der Preis ende bei 600 Euro, ruft Waldemar Lehnertz dazwischen: \u201eWir laufen uns erst mal warm.\u201c Und tats\u00e4chlich. Der Preis geht noch h\u00f6her: 1.350 Euro springen am Ende dank H\u00e4ndler Wolfgang Pauritsch f\u00fcr Dieter aus \u2013 ein Verkauf, der sich mehr als gelohnt hat.<\/p>\n<p>Nur eben f\u00fcr einige Zuschauer nicht, die vom hohen Preis ja dank der Zeile schon vorab wussten und nicht weiterschauen wollten.<\/p>\n","protected":false},"excerpt":{"rendered":"Viele Fans erfreuen sich regelm\u00e4\u00dfig an der Tr\u00f6delshow \u201eBares f\u00fcr Rares\u201c im ZDF. Andere nutzen gerne auch Social&hellip;\n","protected":false},"author":2,"featured_media":191458,"comment_status":"","ping_status":"","sticky":false,"template":"","format":"standard","meta":{"footnotes":""},"categories":[1773],"tags":[2078,29,214,30,471,1780,215],"class_list":{"0":"post-191457","1":"post","2":"type-post","3":"status-publish","4":"format-standard","5":"has-post-thumbnail","7":"category-serien","8":"tag-bares-fuer-rares","9":"tag-deutschland","10":"tag-entertainment","11":"tag-germany","12":"tag-serien","13":"tag-series","14":"tag-unterhaltung"},"share_on_mastodon":{"url":"https:\/\/pubeurope.com\/@de\/114685838982513703","error":""},"_links":{"self":[{"href":"https:\/\/www.europesays.com\/de\/wp-json\/wp\/v2\/posts\/191457","targetHints":{"allow":["GET"]}}],"collection":[{"href":"https:\/\/www.europesays.com\/de\/wp-json\/wp\/v2\/posts"}],"about":[{"href":"https:\/\/www.europesays.com\/de\/wp-json\/wp\/v2\/types\/post"}],"author":[{"embeddable":true,"href":"https:\/\/www.europesays.com\/de\/wp-json\/wp\/v2\/users\/2"}],"replies":[{"embeddable":true,"href":"https:\/\/www.europesays.com\/de\/wp-json\/wp\/v2\/comments?post=191457"}],"version-history":[{"count":0,"href":"https:\/\/www.europesays.com\/de\/wp-json\/wp\/v2\/posts\/191457\/revisions"}],"wp:featuredmedia":[{"embeddable":true,"href":"https:\/\/www.europesays.com\/de\/wp-json\/wp\/v2\/media\/191458"}],"wp:attachment":[{"href":"https:\/\/www.europesays.com\/de\/wp-json\/wp\/v2\/media?parent=191457"}],"wp:term":[{"taxonomy":"category","embeddable":true,"href":"https:\/\/www.europesays.com\/de\/wp-json\/wp\/v2\/categories?post=191457"},{"taxonomy":"post_tag","embeddable":true,"href":"https:\/\/www.europesays.com\/de\/wp-json\/wp\/v2\/tags?post=191457"}],"curies":[{"name":"wp","href":"https:\/\/api.w.org\/{rel}","templated":true}]}}