{"id":191531,"date":"2025-06-15T06:39:11","date_gmt":"2025-06-15T06:39:11","guid":{"rendered":"https:\/\/www.europesays.com\/de\/191531\/"},"modified":"2025-06-15T06:39:11","modified_gmt":"2025-06-15T06:39:11","slug":"freilichtbuehne-fest-der-demokratie-radio-muelheim","status":"publish","type":"post","link":"https:\/\/www.europesays.com\/de\/191531\/","title":{"rendered":"Freilichtb\u00fchne: &#8222;Fest der Demokratie&#8220; &#8211; Radio M\u00fclheim"},"content":{"rendered":"<p class=\"small date article__date\">Ver\u00f6ffentlicht:\u00a0Sonntag, 15.06.2025 08:00<\/p>\n<p>Das B\u00fcndnis &#8222;M\u00fclheim stellt sich quer&#8220; veranstaltet heute (15.6.) ein Fest der Demokratie auf der Freilichtb\u00fchne. Start ist um 14 Uhr. <\/p>\n<p><img decoding=\"async\" alt=\"\" src=\"https:\/\/www.europesays.com\/de\/wp-content\/uploads\/2025\/06\/57872828.jpg&#038;crop=356x181x952x595&#038;resize=952x595&#038;dt=202404041017470.jpeg\" data-size=\"952x595\"\/>\u00a9 2013 foto@luftbild-blossey.de<\/p>\n<p>Bis in den Abend hinein soll es B\u00fchnenprogramm und Mitmach-Angebote rund um die Themen Demokratie, Vielfalt und Zusammenleben geben. Das Fest soll absolut familientauglich sein. Foodtruck und Biergarten sind bis 20 Uhr am Start, hei\u00dft es. Vertreten sind die B\u00fcndnispartner AWO, Ev. Kirchenkreis An der Ruhr, SVLS e.V. \/ together, M\u00fclheimer Sportjugend, Solidarische Landwirtschaft M\u00fclheim, Initiative Erhalt unserer VHS in der M\u00fcGa, Jugendwerk der AWO, VVN-BdA, SPD, Jusos, B\u00fcndnis 90 \/ Die Gr\u00fcnen und die Partei. Das B\u00fcndnis gibt es bereits seit sechs Jahren. Rund um die Freilichtb\u00fchne an der Dimbeck gibt es kaum Parkm\u00f6glichkeiten. Die Veranstalter des Demokratiefestes bitten darum, m\u00f6glichst zu Fu\u00df oder mit dem Rad zu kommen oder an der Westenergie Sporthalle zu parken.<\/p>\n","protected":false},"excerpt":{"rendered":"Ver\u00f6ffentlicht:\u00a0Sonntag, 15.06.2025 08:00 Das B\u00fcndnis &#8222;M\u00fclheim stellt sich quer&#8220; veranstaltet heute (15.6.) ein Fest der Demokratie auf der&hellip;\n","protected":false},"author":2,"featured_media":191532,"comment_status":"","ping_status":"","sticky":false,"template":"","format":"standard","meta":{"footnotes":""},"categories":[1838],"tags":[63383,3364,146,29,3715,17445,30,1209,3699],"class_list":{"0":"post-191531","1":"post","2":"type-post","3":"status-publish","4":"format-standard","5":"has-post-thumbnail","7":"category-duisburg","8":"tag-mlheim-stellt-sich-quer","9":"tag-de","10":"tag-demokratie","11":"tag-deutschland","12":"tag-duisburg","13":"tag-fest","14":"tag-germany","15":"tag-nordrhein-westfalen","16":"tag-veranstaltung"},"share_on_mastodon":{"url":"https:\/\/pubeurope.com\/@de\/114686011957251832","error":""},"_links":{"self":[{"href":"https:\/\/www.europesays.com\/de\/wp-json\/wp\/v2\/posts\/191531","targetHints":{"allow":["GET"]}}],"collection":[{"href":"https:\/\/www.europesays.com\/de\/wp-json\/wp\/v2\/posts"}],"about":[{"href":"https:\/\/www.europesays.com\/de\/wp-json\/wp\/v2\/types\/post"}],"author":[{"embeddable":true,"href":"https:\/\/www.europesays.com\/de\/wp-json\/wp\/v2\/users\/2"}],"replies":[{"embeddable":true,"href":"https:\/\/www.europesays.com\/de\/wp-json\/wp\/v2\/comments?post=191531"}],"version-history":[{"count":0,"href":"https:\/\/www.europesays.com\/de\/wp-json\/wp\/v2\/posts\/191531\/revisions"}],"wp:featuredmedia":[{"embeddable":true,"href":"https:\/\/www.europesays.com\/de\/wp-json\/wp\/v2\/media\/191532"}],"wp:attachment":[{"href":"https:\/\/www.europesays.com\/de\/wp-json\/wp\/v2\/media?parent=191531"}],"wp:term":[{"taxonomy":"category","embeddable":true,"href":"https:\/\/www.europesays.com\/de\/wp-json\/wp\/v2\/categories?post=191531"},{"taxonomy":"post_tag","embeddable":true,"href":"https:\/\/www.europesays.com\/de\/wp-json\/wp\/v2\/tags?post=191531"}],"curies":[{"name":"wp","href":"https:\/\/api.w.org\/{rel}","templated":true}]}}