{"id":191721,"date":"2025-06-15T08:28:09","date_gmt":"2025-06-15T08:28:09","guid":{"rendered":"https:\/\/www.europesays.com\/de\/191721\/"},"modified":"2025-06-15T08:28:09","modified_gmt":"2025-06-15T08:28:09","slug":"hamburg-maenner-im-s-bahn-tunnel-stoppen-zug-regional","status":"publish","type":"post","link":"https:\/\/www.europesays.com\/de\/191721\/","title":{"rendered":"Hamburg: M\u00e4nner im S-Bahn-Tunnel stoppen Zug | Regional"},"content":{"rendered":"<p>Hamburg \u2013 <b>Zwei M\u00e4nner haben den Tunnelbereich im Bahnhof Altona betreten und damit eine Schnellbremsung der S-Bahn ausgel\u00f6st.<\/b><\/p>\n<p>Ein 20-j\u00e4hriger Deutscher und ein 34-j\u00e4hriger Brasilianer sind am 14.06.2025 gegen 21:02 Uhr in den Tunnelbereich bei Gleis 1 eingedrungen. Eine Streife der Bundespolizei beobachtete die Aktion. <\/p>\n<p>Auch interessant<\/p>\n<p>Anzeige<\/p>\n<p>Auch interessant<\/p>\n<p>Anzeige<\/p>\n<p>W\u00e4hrend des Vorfalls lief der regul\u00e4re S-Bahn-Betrieb, und der Fahrer der Linie S3 musste eine Schnellbremsung einleiten und mehrere Warnsignale geben.<\/p>\n<p>Nach der Bremsung verlie\u00dfen die M\u00e4nner den Tunnel. Der 20-J\u00e4hrige versuchte zu fliehen, wurde jedoch von den Polizisten eingeholt und festgenommen. <\/p>\n<p>Der Mann leistete heftigen Widerstand, verletzte jedoch niemanden. Der 34-J\u00e4hrige blieb nach Ansprache der Beamten vor Ort.<\/p>\n<p>Der Deutsche verweigerte Angaben zur Tat, hatte aber einen Atemalkoholwert von 1,94 Promille und wurde zur Ausn\u00fcchterung kurzzeitig in Gewahrsam genommen. <\/p>\n<p>Der Brasilianer lehnte einen Alkoholtest ab, gab jedoch zu, betrunken zu sein, und wurde nach den Ma\u00dfnahmen entlassen.<\/p>\n<p><b>Eine Zeugin best\u00e4tigte den Vorfall, und Videoaufnahmen untermauerten die Tat. <\/b><\/p>\n<p>Gegen beide M\u00e4nner laufen Verfahren wegen unerlaubtem Aufenthalt im Gleisbereich und gef\u00e4hrlichem Eingriff in den Bahnverkehr. Weitere Ermittlungen f\u00fchrt die Bundespolizeiinspektion Hamburg.<\/p>\n<p><b>Die Bundespolizei warnt: <\/b>\u201eDer Aufenthalt im Gleisbereich ist lebensgef\u00e4hrlich und verboten! Triebfahrzeugf\u00fchrer von Z\u00fcgen k\u00f6nnen nicht ausweichen, oftmals sind die Bremswege zu lang, um ein Erfassen von Personen im Gleisbereich noch zu verhindern. H\u00e4ufig gef\u00e4hrden sich Personen in den Gleisen durch ihr leichtsinniges Verhalten nicht nur selbst, sondern auch Reisende und Helfer.\u201c<\/p>\n<p>Dieser Text basiert auf einer offiziellen Beh\u00f6rden-Information und wurde mit Hilfe von KI erstellt.<\/p>\n","protected":false},"excerpt":{"rendered":"Hamburg \u2013 Zwei M\u00e4nner haben den Tunnelbereich im Bahnhof Altona betreten und damit eine Schnellbremsung der S-Bahn ausgel\u00f6st.&hellip;\n","protected":false},"author":2,"featured_media":161721,"comment_status":"","ping_status":"","sticky":false,"template":"","format":"standard","meta":{"footnotes":""},"categories":[1826],"tags":[29,30,1000,692,2509,121,45,1995],"class_list":{"0":"post-191721","1":"post","2":"type-post","3":"status-publish","4":"format-standard","5":"has-post-thumbnail","7":"category-hamburg","8":"tag-deutschland","9":"tag-germany","10":"tag-gewalt","11":"tag-hamburg","12":"tag-ki-ots","13":"tag-polizei","14":"tag-texttospeech","15":"tag-verbrechen"},"share_on_mastodon":{"url":"https:\/\/pubeurope.com\/@de\/114686440487387798","error":""},"_links":{"self":[{"href":"https:\/\/www.europesays.com\/de\/wp-json\/wp\/v2\/posts\/191721","targetHints":{"allow":["GET"]}}],"collection":[{"href":"https:\/\/www.europesays.com\/de\/wp-json\/wp\/v2\/posts"}],"about":[{"href":"https:\/\/www.europesays.com\/de\/wp-json\/wp\/v2\/types\/post"}],"author":[{"embeddable":true,"href":"https:\/\/www.europesays.com\/de\/wp-json\/wp\/v2\/users\/2"}],"replies":[{"embeddable":true,"href":"https:\/\/www.europesays.com\/de\/wp-json\/wp\/v2\/comments?post=191721"}],"version-history":[{"count":0,"href":"https:\/\/www.europesays.com\/de\/wp-json\/wp\/v2\/posts\/191721\/revisions"}],"wp:featuredmedia":[{"embeddable":true,"href":"https:\/\/www.europesays.com\/de\/wp-json\/wp\/v2\/media\/161721"}],"wp:attachment":[{"href":"https:\/\/www.europesays.com\/de\/wp-json\/wp\/v2\/media?parent=191721"}],"wp:term":[{"taxonomy":"category","embeddable":true,"href":"https:\/\/www.europesays.com\/de\/wp-json\/wp\/v2\/categories?post=191721"},{"taxonomy":"post_tag","embeddable":true,"href":"https:\/\/www.europesays.com\/de\/wp-json\/wp\/v2\/tags?post=191721"}],"curies":[{"name":"wp","href":"https:\/\/api.w.org\/{rel}","templated":true}]}}