{"id":191724,"date":"2025-06-15T08:30:09","date_gmt":"2025-06-15T08:30:09","guid":{"rendered":"https:\/\/www.europesays.com\/de\/191724\/"},"modified":"2025-06-15T08:30:09","modified_gmt":"2025-06-15T08:30:09","slug":"hier-kommt-es-zu-sperrungen","status":"publish","type":"post","link":"https:\/\/www.europesays.com\/de\/191724\/","title":{"rendered":"Hier kommt es zu Sperrungen"},"content":{"rendered":"<p class=\"font-sans font-medium\">Berlin. Zum ersten Veteranentag in Berlin wollen heute hunderte Kriegsgegner auf die Stra\u00dfe gehen. Es kommt zu Verkehrseinschr\u00e4nkungen.<\/p>\n<p>Berlin werde \u201ezum emotionalen Mittelpunkt der Republik\u201c, das Regierungsviertel sei ein \u201ew\u00fcrdiger Ort f\u00fcr eine w\u00fcrdige Sache\u201c, es werde ein \u201eFest der Anerkennung\u201c: Mit diesen blumigen Worten bewirbt der Deutsche Bundeswehrverband e. V. die Zentralveranstaltung des ersten <strong>Nationalen Veteranentags<\/strong> am heutigen Sonntag in <a href=\"https:\/\/www.morgenpost.de\/berlin\/\" target=\"_blank\" rel=\"nofollow noopener\">Berlin<\/a>. Der Tag zur Ehrung der Soldaten treibt jedoch voraussichtlich auch hunderte Menschen auf die Stra\u00dfe, die sich einer in ihren Augen fortschreitenden Militarisierung der Gesellschaft in den Weg stellen. Es kommt zu umfangreichen Sicherheitsma\u00dfnahmen und Verkehrssperrungen.<\/p>\n<p>Beschlossen wurde die <a href=\"https:\/\/www.morgenpost.de\/politik\/inland\/article242179370\/Bundestag-beschliesst-jaehrlichen-Nationalen-Veteranentag.html\" data-category-full-path=\"\/politik\/inland\/\" data-paid-status=\"free\" data-article-publish-date=\"1714059824\" target=\"_blank\" rel=\"nofollow noopener\">Einrichtung eines nationalen Veteranentag<\/a> bereits im vergangenen Jahr \u2013 durch einen \u00fcberparteilichen Antrag von SPD, Union, Gr\u00fcnen und FDP im Bundestag. Bundesverteidigungsminister <a href=\"https:\/\/www.morgenpost.de\/politik\/boris-pistorius\/\" target=\"_blank\" rel=\"nofollow noopener\">Boris Pistorius<\/a> (SPD) nannte die Einf\u00fchrung \u201eein \u00fcberf\u00e4lliges Zeichen der Anerkennung und Wertsch\u00e4tzung\u201c. <\/p>\n<p>Zum ersten Nationalen Veteranentag am 15. Juni 2025 soll das Regierungsviertel zum Ort der Begegnung werden. Organisationen, wie das Soldatenhilfswerk oder die J\u00fcdische Milit\u00e4rseelsorge, stellen sich im \u201eVeteranendorf\u201c vor, Einsatzveteranen erz\u00e4hlen auf der B\u00fchne ihre pers\u00f6nlichen Geschichten, es gibt ein Musikprogramm auf der B\u00fchne und Foodtrucks, die f\u00fcr das leibliche Wohl sorgen.<\/p>\n<p>   Veteranentag: Hier kommt es zu Einschr\u00e4nkungen <\/p>\n<p>Die Veranstaltung wirkt sich auf den Verkehr in Mitte aus. Wie die <a href=\"https:\/\/www.morgenpost.de\/berlin\/polizei-berlin\/\" target=\"_blank\" rel=\"nofollow noopener\">Polizei Berlin<\/a> mitteilt, sind folgende Bereiche im Regierungsviertel am Sonntag zwischen 11 und 21 Uhr betroffen:<\/p>\n<ul>\n<li>Platz des 18. M\u00e4rz <\/li>\n<li>Friedrich-Ebert-Platz <\/li>\n<li>Jakob-Kaiser-Haus <\/li>\n<li>Deutscher Bundestag <\/li>\n<li>Platz der Republik <\/li>\n<li>Paul-L\u00f6be-Haus <\/li>\n<li>Marie-Elisabeth-L\u00fcders-Haus<\/li>\n<\/ul>\n<p>\u201eAuch das Befahren der Spree zwischen dem Jakob-Mierscheid-Steg und der Marschallbr\u00fccke wird im angegebenen Zeitraum nicht mehr m\u00f6glich sein\u201c, teilte die Polizei am Freitag mit. Die betroffenen Stra\u00dfen sollten weitr\u00e4umig umfahren werden. \u201eDas Abstellen von Kraftfahrzeugen (auch solchen mit Sonder- und Ausnahmegenehmigungen gem\u00e4\u00df StVO), Fahrr\u00e4dern, motorisierten Zweir\u00e4dern, allen Arten von elektrobetriebenen Fahrzeugen oder mobilen Beh\u00e4ltnissen (insbesondere Kleidercontainer, M\u00fcllbeh\u00e4lter, etc.) ist in diesem Bereich und den festgeschriebenen Zeiten untersagt.\u201c Entsprechende Fahrzeuge w\u00fcrden notfalls entfernt werden.<\/p>\n<p>Zum Betreten der Zonen berechtigt seien nur solche Personen, die <strong>Personaldokumente <\/strong>sowie einen <strong>Dienst- oder Betriebsausweis <\/strong>mit sich tragen w\u00fcrden. Demonstrationen und Kundgebungen seien in den definierten Bereichen nicht zul\u00e4ssig, was dem Plan einiger Demonstrationsanmelder einen Strich durch die Rechnung macht.<\/p>\n<p>   Veteranentag in Berlin: Mehrere Demonstrationen angemeldet  <\/p>\n<p>Um 12 Uhr soll eine Demonstration mit 110 Teilnehmenden am Friedrich-Ebert-Platz stattfinden \u2013 auf dem dortigen Veranstaltungsgel\u00e4nde laden jedoch Abgeordnete und der <a href=\"https:\/\/www.morgenpost.de\/politik\/article409071636\/bundestag-waehlt-heute-wehrbeauftragten-so-tickt-henning-otte.html\" data-category-full-path=\"https:\/\/www.morgenpost.de\/politik\/\" data-paid-status=\"free\" data-article-publish-date=\"1747847700\" rel=\"nofollow noopener\" target=\"_blank\">Wehrbeauftragte des Deutschen Bundestages<\/a> zu einer Fragerunde ein. Weiterhin ist f\u00fcr 13 Uhr am Sonntag eine Gegenmahnwache zum Veteranentag auf dem Platz der Republik 1 mit 100 Teilnehmenden angemeldet. Organisator ist die \u201e<a href=\"https:\/\/www.morgenpost.de\/berlin\/article408824334\/ja-zum-frieden-hunderte-menschen-bei-ostermarsch-in-berlin.html\" data-category-full-path=\"https:\/\/www.morgenpost.de\/berlin\/\" data-paid-status=\"free\" data-article-publish-date=\"1745070454\" rel=\"nofollow noopener\" target=\"_blank\">Friedenskoordination Berlin<\/a>\u201c, ein Netzwerk, das nach eigenen Angaben seit 1980 gegen Krieg demonstriert. Wie die Polizei auf Anfrage der Morgenpost erkl\u00e4rt, liefen derzeit Kooperationsgespr\u00e4che mit den Anmeldern, um einen alternativen Versammlungsort zu finden. <\/p>\n<p>   Morgenpost Sp\u00e4ti<\/p>\n<p class=\"text-body2 mt-2\">Hier steckt alles drin: Ihr Berlin-Update zum Feierabend \u2013 montags bis freitags um 18 Uhr.<\/p>\n<p class=\"text-caption text-copy-secondary\">\n          Mit meiner Anmeldung zum Newsletter stimme ich der<br \/>\n          <a href=\"https:\/\/www.morgenpost.de\/service\/newsletter-adconsent\" class=\"text-overline text-copy-accent-negative dark:underline\" rel=\"nofollow noopener\" target=\"_blank\">Werbevereinbarung<\/a><br \/>\n          zu.\n        <\/p>\n<p>Dar\u00fcber hinaus wollen Kriegsgegnerinnen und -gegner am Sonntag um 14 Uhr von der Friedrichstra\u00dfe bis zum Friedrich-Ebert-Platz laufen, um gegen den Veteranentag zu demonstrieren. Angemeldet sind 700 Teilnehmende, wie die Polizei mitgeteilt hat. In einem Aufruf auf der linksradikalen Webseite Indymedia wird der Familienfest- und Volksfest-Charakter der Bundeswehrveranstaltung kritisiert. <\/p>\n<p>Bereits im Vorfeld des Veteranentags kam es zu Protestaktionen durch Milit\u00e4rgegner. Am Mittwoch stellten Aktivistinnen und Aktivisten vor dem <a href=\"https:\/\/www.morgenpost.de\/politik\/article207406743\/Bundeswehr-sucht-im-Showroom-verzweifelt-Nachwuchs-Soldaten.html\" data-category-full-path=\"https:\/\/www.morgenpost.de\/politik\/\" data-paid-status=\"default\" data-article-publish-date=\"1460287482\" target=\"_blank\" rel=\"nofollow noopener\">Bundeswehr-Showroom<\/a> in der N\u00e4he des Bahnhofs Friedrichstra\u00dfe eine symbolische Mauer auf. \u201eWir feiern eure Kriege nicht\u201c, war darauf unter anderem zu lesen. Ihre Kritik: Vom Krieg profitierten in erster Linie R\u00fcstungskonzerne. In mehreren Bundesl\u00e4ndern, darunter Berlin, wurde dazu aufgerufen, Werbevitrinen zu kapern und dort gef\u00e4lschte Bundeswehrplakate zu platzieren.<\/p>\n","protected":false},"excerpt":{"rendered":"Berlin. Zum ersten Veteranentag in Berlin wollen heute hunderte Kriegsgegner auf die Stra\u00dfe gehen. Es kommt zu Verkehrseinschr\u00e4nkungen.&hellip;\n","protected":false},"author":2,"featured_media":186757,"comment_status":"","ping_status":"","sticky":false,"template":"","format":"standard","meta":{"footnotes":""},"categories":[1825],"tags":[1941,1939,296,1937,29,30,1940,1938],"class_list":{"0":"post-191724","1":"post","2":"type-post","3":"status-publish","4":"format-standard","5":"has-post-thumbnail","7":"category-berlin","8":"tag-aktuelle-nachrichten-aus-berlin","9":"tag-aktuelle-news-aus-berlin","10":"tag-berlin","11":"tag-berlin-news","12":"tag-deutschland","13":"tag-germany","14":"tag-nachrichten-aus-berlin","15":"tag-news-aus-berlin"},"share_on_mastodon":{"url":"https:\/\/pubeurope.com\/@de\/114686448353927817","error":""},"_links":{"self":[{"href":"https:\/\/www.europesays.com\/de\/wp-json\/wp\/v2\/posts\/191724","targetHints":{"allow":["GET"]}}],"collection":[{"href":"https:\/\/www.europesays.com\/de\/wp-json\/wp\/v2\/posts"}],"about":[{"href":"https:\/\/www.europesays.com\/de\/wp-json\/wp\/v2\/types\/post"}],"author":[{"embeddable":true,"href":"https:\/\/www.europesays.com\/de\/wp-json\/wp\/v2\/users\/2"}],"replies":[{"embeddable":true,"href":"https:\/\/www.europesays.com\/de\/wp-json\/wp\/v2\/comments?post=191724"}],"version-history":[{"count":0,"href":"https:\/\/www.europesays.com\/de\/wp-json\/wp\/v2\/posts\/191724\/revisions"}],"wp:featuredmedia":[{"embeddable":true,"href":"https:\/\/www.europesays.com\/de\/wp-json\/wp\/v2\/media\/186757"}],"wp:attachment":[{"href":"https:\/\/www.europesays.com\/de\/wp-json\/wp\/v2\/media?parent=191724"}],"wp:term":[{"taxonomy":"category","embeddable":true,"href":"https:\/\/www.europesays.com\/de\/wp-json\/wp\/v2\/categories?post=191724"},{"taxonomy":"post_tag","embeddable":true,"href":"https:\/\/www.europesays.com\/de\/wp-json\/wp\/v2\/tags?post=191724"}],"curies":[{"name":"wp","href":"https:\/\/api.w.org\/{rel}","templated":true}]}}