{"id":191754,"date":"2025-06-15T08:46:08","date_gmt":"2025-06-15T08:46:08","guid":{"rendered":"https:\/\/www.europesays.com\/de\/191754\/"},"modified":"2025-06-15T08:46:08","modified_gmt":"2025-06-15T08:46:08","slug":"zypern-aktiviert-schutzmassnahmen-fuer-bevoelkerung","status":"publish","type":"post","link":"https:\/\/www.europesays.com\/de\/191754\/","title":{"rendered":"Zypern aktiviert Schutzma\u00dfnahmen f\u00fcr Bev\u00f6lkerung"},"content":{"rendered":"<p class=\"metatextline\">Stand: 15.06.2025 09:50 Uhr<\/p>\n<p class=\"textabsatz columns twelve  m-ten  m-offset-one l-eight l-offset-two\">\n        <strong>Aufgrund der Eskalation zwischen Israel und dem Iran setzt Zypern Schutzvorkehrungen f\u00fcr die Bev\u00f6lkerung in Kraft. Sorge bereitet nicht nur die geringe Entfernung zu Israel, sondern auch die milit\u00e4rische Pr\u00e4senz Gro\u00dfbritanniens auf der Insel.<\/strong>\n    <\/p>\n<p class=\"textabsatz m-ten m-offset-one l-eight l-offset-two columns twelve\">\nAngesichts der anhaltenden gegenseitigen Angriffe Israels und des Iran hat Zypern eine Warn-App in Betrieb genommen, um die Bev\u00f6lkerung im Falle einer Bedrohung zu sch\u00fctzen. Mithilfe der App sollen B\u00fcrgerinnen und B\u00fcrger im Falle einer m\u00f6glichen Bedrohungslage umfassend informiert werden, wie sie sich im Fall eines Angriffs sch\u00fctzen k\u00f6nnen. Zudem kann mittels der Ortung des eigenen Handys der n\u00e4chstgelegene Schutzbunker oder Schutzraum ausfindig gemacht werden.<\/p>\n<p class=\"textabsatz m-ten m-offset-one l-eight l-offset-two columns twelve\">\nAngaben des zyprischen Innenministeriums zufolge verf\u00fcgt die Republik \u00fcber etwa 2.200 Schutzr\u00e4ume und -bunker. Auf Zypern leben etwa 1,3 Millionen Menschen.<\/p>\n<p class=\"textabsatz m-ten m-offset-one l-eight l-offset-two columns twelve\">\nBereits am Freitag hatte die zyprische Regierung mitgeteilt, den Notfallplan &#8222;Hestia&#8220; in Kraft gesetzt zu haben, um m\u00f6gliche Evakuierungen aus den Krisengebiet zu unterst\u00fctzen.<\/p>\n<p>    Zwei britische St\u00fctzpunkte auf der Insel<\/p>\n<p class=\"textabsatz m-ten m-offset-one l-eight l-offset-two columns twelve\">\nDie Eskalation zwischen Israel und dem Iran ist in Zypern angesichts der geringen Entfernung zu Israel durchaus sp\u00fcrbar. Gerade einmal rund 250 Kilometer betr\u00e4gt die k\u00fcrzeste Distanz zwischen der Insel und der israelischen K\u00fcste im Norden des Landes. Die Bewohnerinnen und Bewohner an der zyprischen S\u00fcdk\u00fcste sehen in der Nacht die iranischen Angriffe und die Aktivit\u00e4t der israelischen Raketenabwehr.<\/p>\n<p class=\"textabsatz m-ten m-offset-one l-eight l-offset-two columns twelve\">\nZudem sch\u00fcren die j\u00fcngsten Drohungen des Iran, die sich auch gegen Verb\u00fcndete Israels richteten, Sorgen bei der zyprischen Regierung. Die iranische F\u00fchrung hatte etwa den USA, Frankreich und auch Gro\u00dfbritannien mit Angriffen gedroht, sollten sie die israelischen Attacken oder die Abwehr iranischer Angriffe auf Israel unterst\u00fctzen.<\/p>\n<p class=\"textabsatz m-ten m-offset-one l-eight l-offset-two columns twelve\">\nGro\u00dfbritannien unterh\u00e4lt auf Zypern die beiden souver\u00e4nen Milit\u00e4rst\u00fctzpunkte Akrotiri und Dekelia. Der St\u00fctzpunkt Akrotiri befindet sich westlich der Hafenstadt Limassol und gilt als strategisch wichtig f\u00fcr Eins\u00e4tze im Nahen Osten.<\/p>\n<p>    Israelische Flugzeuge nach Zypern umgeleitet<\/p>\n<p class=\"textabsatz m-ten m-offset-one l-eight l-offset-two columns twelve\">\nEin weiterer Sorgenfaktor: Bereits kurz nach den ersten Angriffen Israels auf den Iran in der Nacht zu Freitag hatten einige israelische Fluggesellschaften Maschinen nach Zypern umgeleitet. Mehrere Staaten hatten ihren Luftraum infolge der Eskalation im Nahen Osten zwischenzeitlich gesperrt. Israel schloss den Flughafen Ben Gurion in Tel Aviv.<\/p>\n<p class=\"textabsatz m-ten m-offset-one l-eight l-offset-two columns twelve\">\nIn Zypern wurden vorsorglich die Sicherheitsvorkehrungen auf den zivilen Flugh\u00e4fen von Larnaka und Paphos verst\u00e4rkt, wie der zyprische Rundfunk berichtete.<\/p>\n","protected":false},"excerpt":{"rendered":"Stand: 15.06.2025 09:50 Uhr Aufgrund der Eskalation zwischen Israel und dem Iran setzt Zypern Schutzvorkehrungen f\u00fcr die Bev\u00f6lkerung&hellip;\n","protected":false},"author":2,"featured_media":191755,"comment_status":"","ping_status":"","sticky":false,"template":"","format":"standard","meta":{"footnotes":""},"categories":[3],"tags":[13,345,411,14,6000,15,12,10,8,9,11,103,104,1033],"class_list":{"0":"post-191754","1":"post","2":"type-post","3":"status-publish","4":"format-standard","5":"has-post-thumbnail","7":"category-welt","8":"tag-headlines","9":"tag-iran","10":"tag-israel","11":"tag-nachrichten","12":"tag-nahost","13":"tag-news","14":"tag-schlagzeilen","15":"tag-top-news","16":"tag-top-meldungen","17":"tag-topmeldungen","18":"tag-topnews","19":"tag-welt","20":"tag-world","21":"tag-zypern"},"share_on_mastodon":{"url":"https:\/\/pubeurope.com\/@de\/114686511332219475","error":""},"_links":{"self":[{"href":"https:\/\/www.europesays.com\/de\/wp-json\/wp\/v2\/posts\/191754","targetHints":{"allow":["GET"]}}],"collection":[{"href":"https:\/\/www.europesays.com\/de\/wp-json\/wp\/v2\/posts"}],"about":[{"href":"https:\/\/www.europesays.com\/de\/wp-json\/wp\/v2\/types\/post"}],"author":[{"embeddable":true,"href":"https:\/\/www.europesays.com\/de\/wp-json\/wp\/v2\/users\/2"}],"replies":[{"embeddable":true,"href":"https:\/\/www.europesays.com\/de\/wp-json\/wp\/v2\/comments?post=191754"}],"version-history":[{"count":0,"href":"https:\/\/www.europesays.com\/de\/wp-json\/wp\/v2\/posts\/191754\/revisions"}],"wp:featuredmedia":[{"embeddable":true,"href":"https:\/\/www.europesays.com\/de\/wp-json\/wp\/v2\/media\/191755"}],"wp:attachment":[{"href":"https:\/\/www.europesays.com\/de\/wp-json\/wp\/v2\/media?parent=191754"}],"wp:term":[{"taxonomy":"category","embeddable":true,"href":"https:\/\/www.europesays.com\/de\/wp-json\/wp\/v2\/categories?post=191754"},{"taxonomy":"post_tag","embeddable":true,"href":"https:\/\/www.europesays.com\/de\/wp-json\/wp\/v2\/tags?post=191754"}],"curies":[{"name":"wp","href":"https:\/\/api.w.org\/{rel}","templated":true}]}}