{"id":191842,"date":"2025-06-15T09:38:09","date_gmt":"2025-06-15T09:38:09","guid":{"rendered":"https:\/\/www.europesays.com\/de\/191842\/"},"modified":"2025-06-15T09:38:09","modified_gmt":"2025-06-15T09:38:09","slug":"infos-zum-bauprojekt-noerdlich-kalkumer-schlossallee","status":"publish","type":"post","link":"https:\/\/www.europesays.com\/de\/191842\/","title":{"rendered":"Infos zum Bauprojekt &#8222;N\u00f6rdlich Kalkumer Schlo\u00dfallee"},"content":{"rendered":"<p class=\"text_ohne_einzug richtext text-em-55 !leading-serif mx-6 desktop:mx-0\"> Es war bereits die sechste \u00f6ffentliche Informationsveranstaltung, welche die Stadt zum Bauprojekt \u201eN\u00f6rdlich Kalkumer Schlo\u00dfallee\u201c durchgef\u00fchrt hat. \u201eUnd es wird nicht die Letzte gewesen sein\u201c, betonte Baudezernentin Cornelia Zuschke. Sie stellte den aktuellen Stand des Verfahrens vor und beantwortete gemeinsam mit Oberb\u00fcrgermeister <a href=\"https:\/\/rp-online.de\/thema\/stephan-keller\/\" rel=\"nofollow noopener\" target=\"_blank\">Stephan Keller<\/a> die vielf\u00e4ltigen Fragen der B\u00fcrger. Diese konnten im Anschluss noch mit Experten aus der Fachverwaltung an unterschiedlichen Tischen \u00fcber die zuk\u00fcnftigen Nutzungen im Gebiet, die Freiraumgestaltung und die Mobilit\u00e4t diskutieren. \u201eEine Veranstaltung wie die heutige dient dem Austausch und soll fr\u00fchzeitig dazu beitragen, etwaige Vorbehalte auszur\u00e4umen\u201c, sagt Keller.<\/p>\n","protected":false},"excerpt":{"rendered":"Es war bereits die sechste \u00f6ffentliche Informationsveranstaltung, welche die Stadt zum Bauprojekt \u201eN\u00f6rdlich Kalkumer Schlo\u00dfallee\u201c durchgef\u00fchrt hat. \u201eUnd&hellip;\n","protected":false},"author":2,"featured_media":191843,"comment_status":"","ping_status":"","sticky":false,"template":"","format":"standard","meta":{"footnotes":"","_share_on_mastodon":"0"},"categories":[1831],"tags":[7601,12612,29467,3364,29,3405,30,6821,15762,15034,3744,63443,1209,3748,2202,29484,3747],"class_list":["post-191842","post","type-post","status-publish","format-standard","has-post-thumbnail","category-duesseldorf","tag-bauprojekt","tag-buerger","tag-buergerinitiativen","tag-de","tag-deutschland","tag-duesseldorf","tag-germany","tag-initiative","tag-kaiserswerth","tag-kalkumer","tag-keller","tag-noerdlich","tag-nordrhein-westfalen","tag-oberbuergermeister","tag-projekt","tag-schlossallee","tag-stephan"],"share_on_mastodon":{"url":"https:\/\/pubeurope.com\/@de\/114686715757614227","error":""},"_links":{"self":[{"href":"https:\/\/www.europesays.com\/de\/wp-json\/wp\/v2\/posts\/191842","targetHints":{"allow":["GET"]}}],"collection":[{"href":"https:\/\/www.europesays.com\/de\/wp-json\/wp\/v2\/posts"}],"about":[{"href":"https:\/\/www.europesays.com\/de\/wp-json\/wp\/v2\/types\/post"}],"author":[{"embeddable":true,"href":"https:\/\/www.europesays.com\/de\/wp-json\/wp\/v2\/users\/2"}],"replies":[{"embeddable":true,"href":"https:\/\/www.europesays.com\/de\/wp-json\/wp\/v2\/comments?post=191842"}],"version-history":[{"count":0,"href":"https:\/\/www.europesays.com\/de\/wp-json\/wp\/v2\/posts\/191842\/revisions"}],"wp:featuredmedia":[{"embeddable":true,"href":"https:\/\/www.europesays.com\/de\/wp-json\/wp\/v2\/media\/191843"}],"wp:attachment":[{"href":"https:\/\/www.europesays.com\/de\/wp-json\/wp\/v2\/media?parent=191842"}],"wp:term":[{"taxonomy":"category","embeddable":true,"href":"https:\/\/www.europesays.com\/de\/wp-json\/wp\/v2\/categories?post=191842"},{"taxonomy":"post_tag","embeddable":true,"href":"https:\/\/www.europesays.com\/de\/wp-json\/wp\/v2\/tags?post=191842"}],"curies":[{"name":"wp","href":"https:\/\/api.w.org\/{rel}","templated":true}]}}