{"id":191974,"date":"2025-06-15T10:53:13","date_gmt":"2025-06-15T10:53:13","guid":{"rendered":"https:\/\/www.europesays.com\/de\/191974\/"},"modified":"2025-06-15T10:53:13","modified_gmt":"2025-06-15T10:53:13","slug":"17-jaehriger-verliert-kontrolle-ueber-motorrad-schwer-verletzt","status":"publish","type":"post","link":"https:\/\/www.europesays.com\/de\/191974\/","title":{"rendered":"17-J\u00e4hriger verliert Kontrolle \u00fcber Motorrad \u2013 schwer verletzt"},"content":{"rendered":"<p>Rettungshubschrauber im Einsatz <\/p>\n<p>Motorradunfall: Junger Mann verletzt sich schwer<\/p>\n<p>15.06.2025 &#8211; 12:20 UhrLesedauer: 1 Min.<\/p>\n<p><a href=\"#focus-0\" class=\"transition-colors duration-200 focus-within:text-magenta block text-current relative\" data-sctrack=\"FocusGalleryImage.Reference\"><img fetchpriority=\"high\" data-testid=\"Opener.Image\" style=\"--lqipURL:url('https:\/\/images.t-online.de\/2025\/06\/LUhNifQ6d933\/0x209:4000x2250\/fit-in\/150x0\/filters:blur(25)\/die-motorradsaison-hat-begonnen-auf-einer-bergstrecke-verunglueckt-ein-motorradfahrer-und-stuerzt-zum-glueck-ist-ihm-nichts-passiert-08-032025-neuffen-baden-wuerttemberg-deutschland-the-motorcycle-season-has-begun-a-motorcyclist-has-an-accident-on-a-mountain-road-and-crashes-fortunately-he-is-okay-08-03-2025-neuffen-baden-wuerttemberg-germany.jpg')\"   loading=\"eager\" src=\"https:\/\/www.europesays.com\/de\/wp-content\/uploads\/2025\/06\/die-motorradsaison-hat-begonnen-auf-einer-bergstrecke-verunglueckt-ein-motorradfahrer-und-stuerzt-zu.jpeg\" alt=\"imago images 0806940441\" title=\"imago images 0806940441\" width=\"4000\" height=\"2250\" class=\"bg-[url:var(--lqipURL)] bg-cover bg-center flex w-full max-w-full h-full\" decoding=\"async\"\/><img style=\"--width:32;--height:32\" loading=\"lazy\" src=\"https:\/\/www.t-online.de\/s\/paper\/_next\/static\/media\/zoom-in.f7dae02f.svg\" alt=\"Vergr\u00f6\u00dfern des Bildes\" title=\"Vergr\u00f6\u00dfern des Bildes\" class=\"&#10;        block&#10;        h-[calc(var(--height)_\/_16_*_1rem)]&#10;        w-[calc(var(--width)_\/_16_*_1rem)]&#10;        max-w-none&#10;        absolute bottom-8 right-8 rounded-4 bg-snow p-8\" decoding=\"async\"\/><\/a><\/p>\n<p>Ein Motorradfahrer st\u00fcrzt (Symbolbild): Ein Essener hatte die Kontrolle \u00fcber sein Motorrad verloren. (Quelle: IMAGO\/Arnulf Hettrich\/imago)<\/p>\n<p class=\"font-bold text-18 leading-17\">Ein 17-j\u00e4hriger Motorradfahrer hat sich bei einem Unfall im Autobahnkreuz Breitscheid schwer verletzt. Der Jugendliche verungl\u00fcckte auf der \u00dcberleitung von der A3 zur A52.<\/p>\n<p class=\"text-18 leading-17\">Der junge Mann war am Samstag mit seinem Motorrad auf der Verbindungsstrecke von der A3 aus Richtung Arnheim zur A52 in Richtung Essen unterwegs, als er in einer Kurve oberhalb der A52 die Kontrolle \u00fcber sein Fahrzeug verlor.<\/p>\n<p class=\"text-18 leading-17\">Nach dem Sturz prallte der 17-J\u00e4hrige gegen die rechte Schutzplanke. Seine Verletzungen waren so schwer, dass die Rettungskr\u00e4fte zeitweise von Lebensgefahr ausgingen. Ein Rettungshubschrauber brachte den Verungl\u00fcckten in ein Krankenhaus.<\/p>\n<p class=\"text-18 leading-17\">Die Unfallursache ist noch unklar. Ein spezielles Verkehrsunfallaufnahmeteam sicherte am Ungl\u00fccksort die Spuren. F\u00fcr die Dauer der Unfallaufnahme sperrte die Polizei die Verbindungsstrecke komplett. Der Verkehr wurde auf die A52 umgeleitet. Laut Polizei kam es aufgrund des geringen Verkehrsaufkommens zu keinen gr\u00f6\u00dferen Behinderungen.<\/p>\n","protected":false},"excerpt":{"rendered":"Rettungshubschrauber im Einsatz Motorradunfall: Junger Mann verletzt sich schwer 15.06.2025 &#8211; 12:20 UhrLesedauer: 1 Min. Ein Motorradfahrer st\u00fcrzt&hellip;\n","protected":false},"author":2,"featured_media":191975,"comment_status":"","ping_status":"","sticky":false,"template":"","format":"standard","meta":{"footnotes":""},"categories":[1834],"tags":[63415,63484,6243,59359,3364,29,3688,514,30,6994,1209,121,6995,63483,1284],"class_list":{"0":"post-191974","1":"post","2":"type-post","3":"status-publish","4":"format-standard","5":"has-post-thumbnail","7":"category-essen","8":"tag-63415","9":"tag-arnheim","10":"tag-autobahnkreuz","11":"tag-breitscheid","12":"tag-de","13":"tag-deutschland","14":"tag-essen","15":"tag-fahrzeug","16":"tag-germany","17":"tag-motorradunfall","18":"tag-nordrhein-westfalen","19":"tag-polizei","20":"tag-rettungshubschrauber","21":"tag-ueberleitung","22":"tag-unfall"},"share_on_mastodon":{"url":"https:\/\/pubeurope.com\/@de\/114687010715236826","error":""},"_links":{"self":[{"href":"https:\/\/www.europesays.com\/de\/wp-json\/wp\/v2\/posts\/191974","targetHints":{"allow":["GET"]}}],"collection":[{"href":"https:\/\/www.europesays.com\/de\/wp-json\/wp\/v2\/posts"}],"about":[{"href":"https:\/\/www.europesays.com\/de\/wp-json\/wp\/v2\/types\/post"}],"author":[{"embeddable":true,"href":"https:\/\/www.europesays.com\/de\/wp-json\/wp\/v2\/users\/2"}],"replies":[{"embeddable":true,"href":"https:\/\/www.europesays.com\/de\/wp-json\/wp\/v2\/comments?post=191974"}],"version-history":[{"count":0,"href":"https:\/\/www.europesays.com\/de\/wp-json\/wp\/v2\/posts\/191974\/revisions"}],"wp:featuredmedia":[{"embeddable":true,"href":"https:\/\/www.europesays.com\/de\/wp-json\/wp\/v2\/media\/191975"}],"wp:attachment":[{"href":"https:\/\/www.europesays.com\/de\/wp-json\/wp\/v2\/media?parent=191974"}],"wp:term":[{"taxonomy":"category","embeddable":true,"href":"https:\/\/www.europesays.com\/de\/wp-json\/wp\/v2\/categories?post=191974"},{"taxonomy":"post_tag","embeddable":true,"href":"https:\/\/www.europesays.com\/de\/wp-json\/wp\/v2\/tags?post=191974"}],"curies":[{"name":"wp","href":"https:\/\/api.w.org\/{rel}","templated":true}]}}