{"id":191988,"date":"2025-06-15T11:01:11","date_gmt":"2025-06-15T11:01:11","guid":{"rendered":"https:\/\/www.europesays.com\/de\/191988\/"},"modified":"2025-06-15T11:01:11","modified_gmt":"2025-06-15T11:01:11","slug":"unfall-in-stuttgart-plieningen-ueber-rote-ampel-gefahren-vw-kollidiert-mit-mercedes-drei-verletzte","status":"publish","type":"post","link":"https:\/\/www.europesays.com\/de\/191988\/","title":{"rendered":"Unfall in Stuttgart-Plieningen: \u00dcber rote Ampel gefahren? VW kollidiert mit Mercedes \u2013 drei Verletzte"},"content":{"rendered":"<p>\t\t\t\t\t\t\t\t\t\t\t\t\t\t\t\t\t\t\t\t\t\t\t\t\t\t\t\t      \t\t            \t\t             \t\t\t\t   \t\t\t\t\t   <img decoding=\"async\" id=\"article-image\" fetchpriority=\"high\" alt=\"Unfall in Stuttgart-Plieningen: \u00dcber  rote Ampel gefahren? VW kollidiert mit Mercedes \u2013 drei Verletzte\" title=\"Unfall in Stuttgart-Plieningen: \u00dcber  rote Ampel gefahren? VW kollidiert mit Mercedes \u2013 drei Verletzte\" src=\"https:\/\/www.europesays.com\/de\/wp-content\/uploads\/2025\/06\/media.media.f621fc3a-0af0-465d-80fb-64c8343178bd.16x9_700.jpg\" data-linkto=\"https:\/\/www.stuttgarter-nachrichten.de\/javascript:void(0);\"\/>\t\t\t\t\t\t\t\t\t\t\t\t\t\t\t\t\t\t\t\t\t\t\t\tRettungskr\u00e4fte brachten die Verletzten in ein Krankenhaus. (Symbolbild)\u00a0Foto: imago images \/ onw-images\t\t\t<\/p>\n<p>Eine Autofahrerin missachtet am Samstag in Stuttgart-Plieningen mutma\u00dflich eine rote Ampel und kollidiert mit einem Mercedes. Drei Personen werden verletzt. Die Polizei sucht Zeugen.<\/p>\n<p>In <a href=\"https:\/\/www.stuttgarter-nachrichten.de\/thema\/Stuttgart-Plieningen\" title=\"Stuttgart-Plieningen\" class=\"art_thema\" rel=\"nofollow noopener\" target=\"_blank\">Stuttgart-Plieningen<\/a> ist es am Samstag zu einem <a href=\"https:\/\/www.stuttgarter-nachrichten.de\/thema\/Unfall\" title=\"Unfall\" class=\"art_thema\" rel=\"nofollow noopener\" target=\"_blank\">Unfall<\/a> gekommen, bei dem mehrere Menschen verletzt worden sind. Wie die <a href=\"https:\/\/www.stuttgarter-nachrichten.de\/thema\/Polizei\" title=\"Polizei\" class=\"art_thema\" rel=\"nofollow noopener\" target=\"_blank\">Polizei<\/a> berichtet, war eine 41-j\u00e4hrige VW-Fahrerin gegen 11 Uhr auf dem Echterdinger Weg in Fahrtrichtung Neuhausen unterwegs und missachtete mutma\u00dflich an der Einm\u00fcndung Echterdinger Weg und der Ein-\/Ausfahrtsstra\u00dfe zum Bosch-Parkhaus eine rote Ampel. Dadurch kam es zum Zusammensto\u00df mit einem Mercedes, welcher gerade vom Bosch-Parkhaus auf den Echterdinger Weg einbiegen wollte. <\/p>\n<p>Wegen der Aufprallwucht l\u00f6sten bei beiden Fahrzeugen die Airbags aus. Diese wurden laut Polizei so schwer besch\u00e4digt, dass die Autos abgeschleppt werden mussten. <\/p>\n<p>Die VW-Fahrerin sowie der Mercedes-Fahrer und seine 16-j\u00e4hrige Beifahrerin wurden leicht verletzt. Rettungskr\u00e4fte brachten sie in ein Krankenhaus. Die Polizei bittet Zeugen, sich unter der Telefonnummer 0711\/89904100 zu melden.<\/p>\n","protected":false},"excerpt":{"rendered":"Rettungskr\u00e4fte brachten die Verletzten in ein Krankenhaus. (Symbolbild)\u00a0Foto: imago images \/ onw-images Eine Autofahrerin missachtet am Samstag in&hellip;\n","protected":false},"author":2,"featured_media":191989,"comment_status":"","ping_status":"","sticky":false,"template":"","format":"standard","meta":{"footnotes":""},"categories":[1830],"tags":[1634,3364,29,30,121,8248,1441,14356,1284],"class_list":{"0":"post-191988","1":"post","2":"type-post","3":"status-publish","4":"format-standard","5":"has-post-thumbnail","7":"category-stuttgart","8":"tag-baden-wuerttemberg","9":"tag-de","10":"tag-deutschland","11":"tag-germany","12":"tag-polizei","13":"tag-polizeibericht-stuttgart","14":"tag-stuttgart","15":"tag-stuttgart-plieningen","16":"tag-unfall"},"share_on_mastodon":{"url":"https:\/\/pubeurope.com\/@de\/114687042200004900","error":""},"_links":{"self":[{"href":"https:\/\/www.europesays.com\/de\/wp-json\/wp\/v2\/posts\/191988","targetHints":{"allow":["GET"]}}],"collection":[{"href":"https:\/\/www.europesays.com\/de\/wp-json\/wp\/v2\/posts"}],"about":[{"href":"https:\/\/www.europesays.com\/de\/wp-json\/wp\/v2\/types\/post"}],"author":[{"embeddable":true,"href":"https:\/\/www.europesays.com\/de\/wp-json\/wp\/v2\/users\/2"}],"replies":[{"embeddable":true,"href":"https:\/\/www.europesays.com\/de\/wp-json\/wp\/v2\/comments?post=191988"}],"version-history":[{"count":0,"href":"https:\/\/www.europesays.com\/de\/wp-json\/wp\/v2\/posts\/191988\/revisions"}],"wp:featuredmedia":[{"embeddable":true,"href":"https:\/\/www.europesays.com\/de\/wp-json\/wp\/v2\/media\/191989"}],"wp:attachment":[{"href":"https:\/\/www.europesays.com\/de\/wp-json\/wp\/v2\/media?parent=191988"}],"wp:term":[{"taxonomy":"category","embeddable":true,"href":"https:\/\/www.europesays.com\/de\/wp-json\/wp\/v2\/categories?post=191988"},{"taxonomy":"post_tag","embeddable":true,"href":"https:\/\/www.europesays.com\/de\/wp-json\/wp\/v2\/tags?post=191988"}],"curies":[{"name":"wp","href":"https:\/\/api.w.org\/{rel}","templated":true}]}}