{"id":191993,"date":"2025-06-15T11:04:14","date_gmt":"2025-06-15T11:04:14","guid":{"rendered":"https:\/\/www.europesays.com\/de\/191993\/"},"modified":"2025-06-15T11:04:14","modified_gmt":"2025-06-15T11:04:14","slug":"armin-laschet-feiert-mit-im-schloss-morsbroich","status":"publish","type":"post","link":"https:\/\/www.europesays.com\/de\/191993\/","title":{"rendered":"Armin Laschet feiert mit im Schloss Morsbroich"},"content":{"rendered":"<p class=\"text_ohne_einzug richtext text-em-55 !leading-serif mx-6 desktop:mx-0\"> F\u00fcr die Leverkusener <a href=\"https:\/\/rp-online.de\/thema\/cdu\/\" rel=\"nofollow noopener\" target=\"_blank\">CDU<\/a> war es ein Blick zur\u00fcck nach vorn. Vor 80 Jahren wurde der Ortsverband direkt nach dem Weltkrieg gegr\u00fcndet, jetzt steht sie erst einmal vor der n\u00e4chsten Kommunalwahl und will ihren Kandidaten Stefan Hebbel ins Amt des Oberb\u00fcrgermeisters hieven. Zur Feierlichkeit lud die Partei keinen Geringeren als <a href=\"https:\/\/rp-online.de\/thema\/armin-laschet\/\" rel=\"nofollow noopener\" target=\"_blank\">Armin Laschet<\/a> ins Schloss Morsbroich ein.<\/p>\n<p class=\"richtext text-em-55 !leading-serif mx-6 desktop:mx-0\">Sichtlich ein Wohlf\u00fchltermin f\u00fcr den ehemaligen Ministerpr\u00e4sidenten des Lands (2017-2021), ehemaligen Bundesvorsitzenden (2021-2022) und ehemaligen Kanzlerkandidaten (2021). Denn als aktueller Vorsitzender des Ausw\u00e4rtigen Ausschusses des Bundestages h\u00e4tte er genauso gut Stellung beziehen k\u00f6nnen zu den gerade weniger erfreulichen Ereignissen im Nahen und Mittleren Osten. Nein, das passte nicht zur Jubil\u00e4umsfeier im Schloss Morsbroich. Hier war der \u201eBlick zur\u00fcck\u201c gefragt, von den ersten Monaten nach dem Ende des 2. Weltkrieges, als mit Konrad Adenauer die CDU noch die absolute Mehrheit im Bundestag hatte und damit die erfolgreichen Aufbaujahre gestalten konnte. Den zweiten gro\u00dfen markanten Meilenstein habe Helmut Kohl mit der Wiedervereinigung markiert, so betonte Laschet.<\/p>\n<p class=\"richtext text-em-55 !leading-serif mx-6 desktop:mx-0\">Aus seinem langen politischen Leben h\u00e4tte Festredner Laschet sicherlich noch viel mehr erz\u00e4hlen k\u00f6nnen, aber bei diesem Jahrestag machte er auch grundlegende Bemerkungen zur Entwicklung der Demokratie und fand es gut, dass Leverkusens aktueller Oberb\u00fcrgermeister <a href=\"https:\/\/rp-online.de\/thema\/uwe-richrath\/\" rel=\"nofollow noopener\" target=\"_blank\">Uwe Richrath<\/a> (SPD) zwischen Laschet und dem OB-Kandidaten und Herausforderer Stefan Hebbel am Tisch der Ehreng\u00e4ste sa\u00df. Auch die Vertreter von anderen Ratsfraktionen waren gekommen. Laschet bezeichnete dies als Voraussetzung f\u00fcr eine gute Demokratie, bei der auch politische Gegner miteinander reden.<\/p>\n<p class=\"richtext text-em-55 !leading-serif mx-6 desktop:mx-0\">Aber warum waren gerade \u201e80 Jahre\u201c eine Feier wert? R\u00fcdiger Scholz, der CDU-Kreisvorsitzende, wies darauf hin, dass ja eigentlich \u201e75 Jahre\u201c gefeiert werden sollte. Sollte ja eigentlich auch, aber das gerade zum H\u00f6hepunkt von Corona, da \u201eh\u00e4tte man sich in einem solchen Rahmen nicht treffen k\u00f6nnen\u201c. Auch ein oder zwei Jahre sp\u00e4ter noch nicht, und so zog man es vor, die n\u00e4chste runde Zahl zum Anlass f\u00fcr einen R\u00fcckblick zu nehmen. Eine kleine Ausstellung im Vorraum rief Erinnerungen wach. Und so bemerkte Ursula Monheim (85), die selbst vier Mal zur Kreisvorsitzenden Kreisvorsitzende gew\u00e4hlt worden und 15 Jahre im Landtag politisch t\u00e4tig war, dass es au\u00dfer ihr in den langen Jahren der CDU in Leverkusen nur eine weitere Frau geschafft hatte, die Partei zu f\u00fchren.<\/p>\n<p class=\"richtext text-em-55 !leading-serif mx-6 desktop:mx-0\">\u00dcbrigens: Die CDU Leverkusen gr\u00fcndete sich am 9. Oktober 1945, durch die Kommunale Neuordnung 1975 und durch den immer wieder ver\u00e4nderten Zuschnitte von Landtags- und Bundestagswahlkreisen musste sich die Partei auch immer wieder neu aufstellen.<\/p>\n","protected":false},"excerpt":{"rendered":"F\u00fcr die Leverkusener CDU war es ein Blick zur\u00fcck nach vorn. Vor 80 Jahren wurde der Ortsverband direkt&hellip;\n","protected":false},"author":2,"featured_media":191994,"comment_status":"","ping_status":"","sticky":false,"template":"","format":"standard","meta":{"footnotes":""},"categories":[1828],"tags":[18287,506,31,29,44728,30,63493,3742,35042,1420,27159,2375,1209,2403,42087],"class_list":{"0":"post-191993","1":"post","2":"type-post","3":"status-publish","4":"format-standard","5":"has-post-thumbnail","7":"category-koeln","8":"tag-18287","9":"tag-armin-laschet","10":"tag-cdu","11":"tag-deutschland","12":"tag-ehemaligen","13":"tag-germany","14":"tag-hebbel","15":"tag-kandidaten","16":"tag-kanzlerkandidaten","17":"tag-koeln","18":"tag-kreisvorsitzende","19":"tag-leverkusen","20":"tag-nordrhein-westfalen","21":"tag-partei","22":"tag-stefan"},"share_on_mastodon":{"url":"https:\/\/pubeurope.com\/@de\/114687053963530261","error":""},"_links":{"self":[{"href":"https:\/\/www.europesays.com\/de\/wp-json\/wp\/v2\/posts\/191993","targetHints":{"allow":["GET"]}}],"collection":[{"href":"https:\/\/www.europesays.com\/de\/wp-json\/wp\/v2\/posts"}],"about":[{"href":"https:\/\/www.europesays.com\/de\/wp-json\/wp\/v2\/types\/post"}],"author":[{"embeddable":true,"href":"https:\/\/www.europesays.com\/de\/wp-json\/wp\/v2\/users\/2"}],"replies":[{"embeddable":true,"href":"https:\/\/www.europesays.com\/de\/wp-json\/wp\/v2\/comments?post=191993"}],"version-history":[{"count":0,"href":"https:\/\/www.europesays.com\/de\/wp-json\/wp\/v2\/posts\/191993\/revisions"}],"wp:featuredmedia":[{"embeddable":true,"href":"https:\/\/www.europesays.com\/de\/wp-json\/wp\/v2\/media\/191994"}],"wp:attachment":[{"href":"https:\/\/www.europesays.com\/de\/wp-json\/wp\/v2\/media?parent=191993"}],"wp:term":[{"taxonomy":"category","embeddable":true,"href":"https:\/\/www.europesays.com\/de\/wp-json\/wp\/v2\/categories?post=191993"},{"taxonomy":"post_tag","embeddable":true,"href":"https:\/\/www.europesays.com\/de\/wp-json\/wp\/v2\/tags?post=191993"}],"curies":[{"name":"wp","href":"https:\/\/api.w.org\/{rel}","templated":true}]}}