{"id":192100,"date":"2025-06-15T12:07:09","date_gmt":"2025-06-15T12:07:09","guid":{"rendered":"https:\/\/www.europesays.com\/de\/192100\/"},"modified":"2025-06-15T12:07:09","modified_gmt":"2025-06-15T12:07:09","slug":"pol-h-kreisstrasse-k-134-58-jaehrige-motorradfahrerin-bei-verkehrsunfall-nahe","status":"publish","type":"post","link":"https:\/\/www.europesays.com\/de\/192100\/","title":{"rendered":"POL-H: Kreisstra\u00dfe (K) 134: 58-j\u00e4hrige Motorradfahrerin bei Verkehrsunfall nahe &#8230;"},"content":{"rendered":"<p class=\"date\">15.06.2025 \u2013 12:54<\/p>\n<p class=\"customer\">\n                        <a class=\"story-customer\" title=\"weiter zum newsroom von Polizeidirektion Hannover\" href=\"https:\/\/www.presseportal.de\/blaulicht\/nr\/66841\" rel=\"nofollow noopener\" target=\"_blank\">Polizeidirektion Hannover<\/a>\n                    <\/p>\n<p><a data-category=\"citylink-story-view\" data-action=\"click\" data-label=\"Citylink in Meldungsansicht\" class=\"story-city event-trigger\" href=\"https:\/\/www.presseportal.de\/regional\/Hannover\" title=\"News aus Hannover \" rel=\"nofollow noopener\" target=\"_blank\">Hannover<\/a> (ots)<\/p>\n<p>Am Samstagnachmittag, 14.06.2025, ist es auf der K 134 nahe Lehrte zu einem schweren Verkehrsunfall gekommen. Eine 58-j\u00e4hrige Motorradfahrerin wurde dabei schwer verletzt, der 57-j\u00e4hrige Fahrer sowie die 19-j\u00e4hrige Beifahrerin eines beteiligten Pkw erlitten leichte Verletzungen.<br \/>\nNach bisherigen Erkenntnissen des Verkehrsunfalldienstes Hannover befuhr ein 57-J\u00e4hriger aus Uetze mit seinem Fiat Tipo gegen 17:20 Uhr die K 134 aus Lehrte kommend in Richtung Immensen. W\u00e4hrend der Fahrer des PKW einen weiteren PKW auf gerader Strecke \u00fcberholte, kam ihm die 58-J\u00e4hrige auf ihrem Motorrad entgegen. Trotz Ausweich- und Bremsman\u00f6vern der beiden Beteiligten kam es zu einem Zusammensto\u00df, welche den Sturz der Motorradfahrerin zur Folge hatte. Diese erlitt schwere Verletzungen und wurde mit einem Rettungshubschrauber in ein Krankenhaus gebracht. Der 57-j\u00e4hrige Fahrer des PKW und seine 17-j\u00e4hrige Beifahrerin wurden leicht verletzt. Die Beifahrerin wurde ebenfalls in ein Krankenhaus gebracht, der Fahrer musste nicht ins Krankenhaus gebracht werden.<br \/>\nDie Kreisstra\u00dfe war f\u00fcr die Dauer der Unfallaufnahme bis etwa 22:00 Uhr voll gesperrt. Die Polizei sch\u00e4tzt den entstandenen Sachschaden auf etwa 9.500 Euro.<br \/>\nDer Verkehrsunfalldienst hat die Ermittlungen wegen fahrl\u00e4ssiger K\u00f6rperverletzung infolge eines Unfalls aufgenommen. Der genaue Unfallhergang, sowie die Unfallursache, sind Gegenstand der Ermittlungen. \/fas<\/p>\n<p class=\"contact-headline\">R\u00fcckfragen bitte an:<\/p>\n<p class=\"contact-text\">Polizeidirektion Hannover<br \/>Fabian S\u00f6hlke<br \/>Telefon: 0511\/109 1040<br \/>E-Mail: <a href=\"https:\/\/www.presseportal.de\/blaulicht\/pm\/66841\/mailto: pressestelle@pd-h.polizei.niedersachsen.de\" class=\"uri-mailto\" rel=\"nofollow noopener\" target=\"_blank\"> pressestelle@pd-h.polizei.niedersachsen.de<\/a><br \/><a target=\"_blank\" class=\"uri-ext outbound\" rel=\"noopener nofollow\" href=\"https:\/\/www.pd-h.polizei-nds.de\">https:\/\/www.pd-h.polizei-nds.de<\/a><\/p>\n<p class=\"originator\">Original-Content von: Polizeidirektion Hannover, \u00fcbermittelt durch news aktuell<\/p>\n","protected":false},"excerpt":{"rendered":"15.06.2025 \u2013 12:54 Polizeidirektion Hannover Hannover (ots) Am Samstagnachmittag, 14.06.2025, ist es auf der K 134 nahe Lehrte&hellip;\n","protected":false},"author":2,"featured_media":108,"comment_status":"","ping_status":"","sticky":false,"template":"","format":"standard","meta":{"footnotes":""},"categories":[1836],"tags":[3364,29,30,46,177,5404,1411,121,178,180,179,181],"class_list":{"0":"post-192100","1":"post","2":"type-post","3":"status-publish","4":"format-standard","5":"has-post-thumbnail","7":"category-hannover","8":"tag-de","9":"tag-deutschland","10":"tag-germany","11":"tag-hannover","12":"tag-kriminalitt","13":"tag-ni","14":"tag-niedersachsen","15":"tag-polizei","16":"tag-presse","17":"tag-pressemeldung","18":"tag-pressemitteilung","19":"tag-pressemitteilungen"},"share_on_mastodon":{"url":"https:\/\/pubeurope.com\/@de\/114687302158084749","error":""},"_links":{"self":[{"href":"https:\/\/www.europesays.com\/de\/wp-json\/wp\/v2\/posts\/192100","targetHints":{"allow":["GET"]}}],"collection":[{"href":"https:\/\/www.europesays.com\/de\/wp-json\/wp\/v2\/posts"}],"about":[{"href":"https:\/\/www.europesays.com\/de\/wp-json\/wp\/v2\/types\/post"}],"author":[{"embeddable":true,"href":"https:\/\/www.europesays.com\/de\/wp-json\/wp\/v2\/users\/2"}],"replies":[{"embeddable":true,"href":"https:\/\/www.europesays.com\/de\/wp-json\/wp\/v2\/comments?post=192100"}],"version-history":[{"count":0,"href":"https:\/\/www.europesays.com\/de\/wp-json\/wp\/v2\/posts\/192100\/revisions"}],"wp:featuredmedia":[{"embeddable":true,"href":"https:\/\/www.europesays.com\/de\/wp-json\/wp\/v2\/media\/108"}],"wp:attachment":[{"href":"https:\/\/www.europesays.com\/de\/wp-json\/wp\/v2\/media?parent=192100"}],"wp:term":[{"taxonomy":"category","embeddable":true,"href":"https:\/\/www.europesays.com\/de\/wp-json\/wp\/v2\/categories?post=192100"},{"taxonomy":"post_tag","embeddable":true,"href":"https:\/\/www.europesays.com\/de\/wp-json\/wp\/v2\/tags?post=192100"}],"curies":[{"name":"wp","href":"https:\/\/api.w.org\/{rel}","templated":true}]}}